{"id":40204,"date":"2025-12-05T13:59:13","date_gmt":"2025-12-05T12:59:13","guid":{"rendered":"https:\/\/blogsaverroes.juntadeandalucia.es\/ceipramonhernandez\/?p=40204"},"modified":"2025-12-06T07:32:21","modified_gmt":"2025-12-06T06:32:21","slug":"dia-de-la-constitucion-2025","status":"publish","type":"post","link":"https:\/\/blogsaverroes.juntadeandalucia.es\/ceipramonhernandez\/dia-de-la-constitucion-2025\/","title":{"rendered":"D\u00eda de la Constituci\u00f3n 2025"},"content":{"rendered":"<p style=\"text-align: justify\"><span style=\"font-family: 'comic sans ms', sans-serif\">Estimadas familias<\/span><\/p>\n<p style=\"text-align: justify\"><span style=\"font-family: 'comic sans ms', sans-serif\">hoy no hemos podido celebrar el D\u00eda de la Constituci\u00f3n como ten\u00edamos previsto por razones climatol\u00f3gicas.<\/span><\/p>\n<p style=\"text-align: justify\"><span style=\"font-family: 'comic sans ms', sans-serif\">Pero el maestro Enrique y la maestra Ana se han encargado de hacer unos v\u00eddeos chul\u00edsimos con los trabajos que han realizado las diferentes clases durante toda la semana para compartirlos con vosotros.<\/span><\/p>\n<p style=\"text-align: justify\"><span style=\"font-family: 'comic sans ms', sans-serif\">Esperamos que os gusten.<\/span><\/p>\n<!--themify_builder_content-->\n<div id=\"themify_builder_content-40204\" data-postid=\"40204\" class=\"themify_builder_content themify_builder_content-40204 themify_builder tf_clear\">\n                    <div  data-lazy=\"1\" class=\"module_row themify_builder_row tb_q5st410 tb_first tf_w\">\n                        <div class=\"row_inner col_align_middle gutter-narrow tb_col_count_2 tf_box tf_rel\">\n                        <div  data-lazy=\"1\" class=\"module_column tb-column col4-2 tb_qkgk410 first\">\n                    <!-- module text -->\n<div  class=\"module module-text tb_6jnh114   \" data-lazy=\"1\">\n        <div  class=\"tb_text_wrap\">\n        <p><iframe loading=\"lazy\" src=\"https:\/\/drive.google.com\/file\/d\/17-t5uhAg6grr3lQWCwrLkjNUnJPdi3UL\/preview\" width=\"640\" height=\"480\"><\/iframe><\/p>    <\/div>\n<\/div>\n<!-- \/module text -->        <\/div>\n                    <div  data-lazy=\"1\" class=\"module_column tb-column col4-2 tb_gqh8701 last\">\n                    <!-- module text -->\n<div  class=\"module module-text tb_2pru346   \" data-lazy=\"1\">\n        <div  class=\"tb_text_wrap\">\n        <p><iframe loading=\"lazy\" src=\"https:\/\/drive.google.com\/file\/d\/1nXFVOLJH745uO9nCwNDFVeIgRMTaIF94\/preview\" width=\"640\" height=\"480\"><\/iframe><\/p>    <\/div>\n<\/div>\n<!-- \/module text -->        <\/div>\n                        <\/div>\n        <\/div>\n        <\/div>\n<!--\/themify_builder_content-->&nbsp;<\/p>","protected":false},"excerpt":{"rendered":"<p>Estimadas familias hoy no hemos podido celebrar el D\u00eda de la Constituci\u00f3n como ten\u00edamos previsto por razones climatol\u00f3gicas. Pero el maestro Enrique y la maestra Ana se han encargado de hacer unos v\u00eddeos chul\u00edsimos con los trabajos que han realizado las diferentes clases durante toda la semana para compartirlos con vosotros. Esperamos que os gusten. [&hellip;]<\/p>\n","protected":false},"author":5333,"featured_media":40215,"comment_status":"closed","ping_status":"closed","sticky":false,"template":"","format":"standard","meta":{"ngg_post_thumbnail":0,"footnotes":""},"categories":[1823039,526,1247054],"tags":[],"aioseo_notices":[],"_links":{"self":[{"href":"https:\/\/blogsaverroes.juntadeandalucia.es\/ceipramonhernandez\/wp-json\/wp\/v2\/posts\/40204"}],"collection":[{"href":"https:\/\/blogsaverroes.juntadeandalucia.es\/ceipramonhernandez\/wp-json\/wp\/v2\/posts"}],"about":[{"href":"https:\/\/blogsaverroes.juntadeandalucia.es\/ceipramonhernandez\/wp-json\/wp\/v2\/types\/post"}],"author":[{"embeddable":true,"href":"https:\/\/blogsaverroes.juntadeandalucia.es\/ceipramonhernandez\/wp-json\/wp\/v2\/users\/5333"}],"replies":[{"embeddable":true,"href":"https:\/\/blogsaverroes.juntadeandalucia.es\/ceipramonhernandez\/wp-json\/wp\/v2\/comments?post=40204"}],"version-history":[{"count":12,"href":"https:\/\/blogsaverroes.juntadeandalucia.es\/ceipramonhernandez\/wp-json\/wp\/v2\/posts\/40204\/revisions"}],"predecessor-version":[{"id":40217,"href":"https:\/\/blogsaverroes.juntadeandalucia.es\/ceipramonhernandez\/wp-json\/wp\/v2\/posts\/40204\/revisions\/40217"}],"wp:featuredmedia":[{"embeddable":true,"href":"https:\/\/blogsaverroes.juntadeandalucia.es\/ceipramonhernandez\/wp-json\/wp\/v2\/media\/40215"}],"wp:attachment":[{"href":"https:\/\/blogsaverroes.juntadeandalucia.es\/ceipramonhernandez\/wp-json\/wp\/v2\/media?parent=40204"}],"wp:term":[{"taxonomy":"category","embeddable":true,"href":"https:\/\/blogsaverroes.juntadeandalucia.es\/ceipramonhernandez\/wp-json\/wp\/v2\/categories?post=40204"},{"taxonomy":"post_tag","embeddable":true,"href":"https:\/\/blogsaverroes.juntadeandalucia.es\/ceipramonhernandez\/wp-json\/wp\/v2\/tags?post=40204"}],"curies":[{"name":"wp","href":"https:\/\/api.w.org\/{rel}","templated":true}]}}