{"id":40403,"date":"2025-12-18T12:53:33","date_gmt":"2025-12-18T11:53:33","guid":{"rendered":"https:\/\/blogsaverroes.juntadeandalucia.es\/ceipramonhernandez\/?p=40403"},"modified":"2025-12-19T06:36:13","modified_gmt":"2025-12-19T05:36:13","slug":"fiesta-de-navidad-2025","status":"publish","type":"post","link":"https:\/\/blogsaverroes.juntadeandalucia.es\/ceipramonhernandez\/fiesta-de-navidad-2025\/","title":{"rendered":"Fiesta de Navidad 2025"},"content":{"rendered":"<div class=\"\">\n<div class=\"_1mf _1mj\" style=\"text-align: justify\"><span style=\"font-family: 'comic sans ms', sans-serif\">Este jueves, hemos celebrado en el Sal\u00f3n de Actos de la Caja Rural la tradicional fiesta de Navidad del cole, con actuaciones de tod@s l@s ni\u00f1@s, desde los peque\u00f1os de infantil de 3 a\u00f1os hasta los mayores de 6\u00ba de primaria.<\/span><\/div>\n<div style=\"text-align: justify\">&nbsp;<\/div>\n<div class=\"_1mf _1mj\" style=\"text-align: justify\"><span style=\"font-family: 'comic sans ms', sans-serif\">La fiesta ha quedado muy chula porque adem\u00e1s de las actuaciones hemos entregado los premios del XXXVII Concurso de Tarjetas Navide\u00f1as que el jurado fall\u00f3 el jueves 11.<\/span><\/div>\n<\/div>\n<div class=\"\" style=\"text-align: justify\">\n<div class=\"_1mf _1mj\">&nbsp;<\/div>\n<\/div>\n<div class=\"\" style=\"text-align: justify\">\n<div class=\"_1mf _1mj\"><span style=\"font-family: 'comic sans ms', sans-serif\">Desde el cole queremos dar las gracias:<\/span><\/div>\n<\/div>\n<div class=\"\" style=\"text-align: justify\">\n<div class=\"_1mf _1mj\"><span style=\"font-family: 'comic sans ms', sans-serif\">\u2013 al jurado del XXXVII concurso de Tarjetas Navide\u00f1as<\/span><\/div>\n<\/div>\n<div class=\"\" style=\"text-align: justify\">\n<div class=\"_1mf _1mj\"><span style=\"font-family: 'comic sans ms', sans-serif\">\u2013 a la Caja Rural por prestarnos, como siempre y de manera desinteresada, su Sal\u00f3n de Actos para poder realizar la actuaci\u00f3n<\/span><\/div>\n<\/div>\n<div class=\"\" style=\"text-align: justify\">\n<div class=\"_1mf _1mj\"><span style=\"font-family: 'comic sans ms', sans-serif\">\u2013 al Ayuntamiento de Ca\u00f1ete de las Torres por patrocinar y colaborar en los premios del XXXVII Certamen de Tarjetas Navide\u00f1as<\/span><\/div>\n<\/div>\n<div class=\"\" style=\"text-align: justify\">\n<div class=\"_1mf _1mj\"><span style=\"font-family: 'comic sans ms', sans-serif\">\u2013 a las tutoras, por su trabajo, entrega y dedicaci\u00f3n, preparando las actuaciones de hoy<\/span><\/div>\n<div><span style=\"font-family: 'comic sans ms', sans-serif\">&#8211; a los presentadores del acto, los alumnos de 6\u00ba Ana y Jos\u00e9 Miguel<\/span><\/div>\n<\/div>\n<div class=\"\" style=\"text-align: justify\">\n<div class=\"_1mf _1mj\"><span style=\"font-family: 'comic sans ms', sans-serif\">\u2013 a tod@s l@s miembr@s de la comunidad educativa que han podido y querido pasar la ma\u00f1ana con nosotr@s disfrutando de l@s ni\u00f1@s<\/span><\/div>\n<\/div>\n<div class=\"\" style=\"text-align: justify\">\n<div class=\"_1mf _1mj\">&nbsp;<\/div>\n<\/div>\n<div class=\"\" style=\"text-align: justify\">\n<div class=\"_1mf _1mj\"><span style=\"font-family: 'comic sans ms', sans-serif\">A tod@s, MUCH\u00cd\u00cd\u00cd\u00cd\u00cd\u00cd\u00cdSIMAS GRACIAS un a\u00f1o m\u00e1s<\/span><\/div>\n<\/div>\n<div style=\"text-align: justify\">&nbsp;<\/div>\n<div style=\"text-align: justify\"><span style=\"font-family: 'comic sans ms', sans-serif\">Aqu\u00ed os dejamos las fotos del acto<\/span><\/div>\n<div>&nbsp;<\/div>\n<div style=\"text-align: center\">ngg_shortcode_0_placeholder<\/div>\n<!--themify_builder_content-->\n<div id=\"themify_builder_content-40403\" data-postid=\"40403\" class=\"themify_builder_content themify_builder_content-40403 themify_builder tf_clear\">\n                    <div  data-lazy=\"1\" class=\"module_row themify_builder_row tb_3uid981 tb_first tf_w\">\n                        <div class=\"row_inner col_align_middle gutter-narrow tb_col_count_3 tf_box tf_rel\">\n                        <div  data-lazy=\"1\" class=\"module_column tb-column col3-1 tb_s6xi982 first\">\n                    <!-- module text -->\n<div  class=\"module module-text tb_qs1o610   \" data-lazy=\"1\">\n    <h3 class=\"module-title\">4\u00baA<\/h3>    <div  class=\"tb_text_wrap\">\n        <p style=\"text-align: center\"><iframe loading=\"lazy\" src=\"https:\/\/drive.google.com\/file\/d\/1xh-EpvwDwh-BbuSmD1vfp6FhZDqxSzXi\/preview\" width=\"600\" height=\"460\"><\/iframe><\/p>    <\/div>\n<\/div>\n<!-- \/module text -->        <\/div>\n                    <div  data-lazy=\"1\" class=\"module_column tb-column col3-1 tb_a86s252\">\n                    <!-- module text -->\n<div  class=\"module module-text tb_dszt728   \" data-lazy=\"1\">\n    <h3 class=\"module-title\">5\u00ba<\/h3>    <div  class=\"tb_text_wrap\">\n        <p style=\"text-align: center\"><iframe loading=\"lazy\" src=\"https:\/\/drive.google.com\/file\/d\/1mj-KDJ4a34pDpBpCbV1n6IbUAaDQlPvz\/preview\" width=\"600\" height=\"460\"><\/iframe><\/p>\n    <\/div>\n<\/div>\n<!-- \/module text -->        <\/div>\n                    <div  data-lazy=\"1\" class=\"module_column tb-column col3-1 tb_3xkj275 last\">\n                    <!-- module text -->\n<div  class=\"module module-text tb_13yf873   \" data-lazy=\"1\">\n    <h3 class=\"module-title\">6\u00ba<\/h3>    <div  class=\"tb_text_wrap\">\n        <p style=\"text-align: center\"><iframe loading=\"lazy\" src=\"https:\/\/drive.google.com\/file\/d\/1g5QeOVzyqZqON7H3HnoXACK8MrqG7ctJ\/\/preview\" width=\"600\" height=\"460\"><\/iframe><\/p>    <\/div>\n<\/div>\n<!-- \/module text -->        <\/div>\n                        <\/div>\n        <\/div>\n        <\/div>\n<!--\/themify_builder_content-->","protected":false},"excerpt":{"rendered":"<p>Este jueves, hemos celebrado en el Sal\u00f3n de Actos de la Caja Rural la tradicional fiesta de Navidad del cole, con actuaciones de tod@s l@s ni\u00f1@s, desde los peque\u00f1os de infantil de 3 a\u00f1os hasta los mayores de 6\u00ba de primaria. &nbsp; La fiesta ha quedado muy chula porque adem\u00e1s de las actuaciones hemos entregado [&hellip;]<\/p>\n","protected":false},"author":5333,"featured_media":40506,"comment_status":"closed","ping_status":"closed","sticky":false,"template":"","format":"standard","meta":{"ngg_post_thumbnail":0,"footnotes":""},"categories":[1823039,526,1247054],"tags":[],"aioseo_notices":[],"_links":{"self":[{"href":"https:\/\/blogsaverroes.juntadeandalucia.es\/ceipramonhernandez\/wp-json\/wp\/v2\/posts\/40403"}],"collection":[{"href":"https:\/\/blogsaverroes.juntadeandalucia.es\/ceipramonhernandez\/wp-json\/wp\/v2\/posts"}],"about":[{"href":"https:\/\/blogsaverroes.juntadeandalucia.es\/ceipramonhernandez\/wp-json\/wp\/v2\/types\/post"}],"author":[{"embeddable":true,"href":"https:\/\/blogsaverroes.juntadeandalucia.es\/ceipramonhernandez\/wp-json\/wp\/v2\/users\/5333"}],"replies":[{"embeddable":true,"href":"https:\/\/blogsaverroes.juntadeandalucia.es\/ceipramonhernandez\/wp-json\/wp\/v2\/comments?post=40403"}],"version-history":[{"count":12,"href":"https:\/\/blogsaverroes.juntadeandalucia.es\/ceipramonhernandez\/wp-json\/wp\/v2\/posts\/40403\/revisions"}],"predecessor-version":[{"id":40561,"href":"https:\/\/blogsaverroes.juntadeandalucia.es\/ceipramonhernandez\/wp-json\/wp\/v2\/posts\/40403\/revisions\/40561"}],"wp:featuredmedia":[{"embeddable":true,"href":"https:\/\/blogsaverroes.juntadeandalucia.es\/ceipramonhernandez\/wp-json\/wp\/v2\/media\/40506"}],"wp:attachment":[{"href":"https:\/\/blogsaverroes.juntadeandalucia.es\/ceipramonhernandez\/wp-json\/wp\/v2\/media?parent=40403"}],"wp:term":[{"taxonomy":"category","embeddable":true,"href":"https:\/\/blogsaverroes.juntadeandalucia.es\/ceipramonhernandez\/wp-json\/wp\/v2\/categories?post=40403"},{"taxonomy":"post_tag","embeddable":true,"href":"https:\/\/blogsaverroes.juntadeandalucia.es\/ceipramonhernandez\/wp-json\/wp\/v2\/tags?post=40403"}],"curies":[{"name":"wp","href":"https:\/\/api.w.org\/{rel}","templated":true}]}}