{"id":40812,"date":"2026-01-13T18:13:56","date_gmt":"2026-01-13T17:13:56","guid":{"rendered":"https:\/\/blogsaverroes.juntadeandalucia.es\/ceipramonhernandez\/?p=40812"},"modified":"2026-01-13T18:13:56","modified_gmt":"2026-01-13T17:13:56","slug":"programa-mas-equidad-hipoterapia","status":"publish","type":"post","link":"https:\/\/blogsaverroes.juntadeandalucia.es\/ceipramonhernandez\/programa-mas-equidad-hipoterapia\/","title":{"rendered":"PROGRAMA M\u00c1S EQUIDAD: HIPOTERAPIA"},"content":{"rendered":"<p class=\"p1\" style=\"text-align: center\">En este trimestre, gracias al <span class=\"s1\"><b>Programa M\u00e1s Equidad<\/b><\/span>, se van a desarrollar diferentes sesiones de Equinoterapia. Una propuesta que promueve la inclusi\u00f3n, el acompa\u00f1amiento y el fortalecimiento de habilidades f\u00edsicas y socioemocionales.<\/p>\n<p class=\"p1\" style=\"text-align: center\">Esta actividad se consolida como un espacio de encuentro donde las personas participantes pueden compartir experiencias, potenciar sus capacidades y acceder a pr\u00e1cticas que favorecen su bienestar integral.<\/p>\n<p style=\"text-align: center\">Hoy, el alumnado del Aula Espec\u00edfica se ha reencontrado con Coqueta, la yegua protagonista de las sesiones de Equinoterapia &nbsp;y a la que los alumnos echaban much\u00edsimo de menos. Adem\u00e1s, tambi\u00e9n han disfrutado mucho jugando en el parque.<\/p>\n<p style=\"text-align: center\">Una experiencia divertid\u00edsima que est\u00e1n deseando repetir.<\/p>\nngg_shortcode_0_placeholder\n","protected":false},"excerpt":{"rendered":"<p>En este trimestre, gracias al Programa M\u00e1s Equidad, se van a desarrollar diferentes sesiones de Equinoterapia. Una propuesta que promueve la inclusi\u00f3n, el acompa\u00f1amiento y el fortalecimiento de habilidades f\u00edsicas y socioemocionales. Esta actividad se consolida como un espacio de encuentro donde las personas participantes pueden compartir experiencias, potenciar sus capacidades y acceder a pr\u00e1cticas [&hellip;]<\/p>\n","protected":false},"author":21262,"featured_media":40813,"comment_status":"closed","ping_status":"closed","sticky":false,"template":"","format":"standard","meta":{"ngg_post_thumbnail":0,"footnotes":""},"categories":[1823039,1823016,526],"tags":[],"aioseo_notices":[],"_links":{"self":[{"href":"https:\/\/blogsaverroes.juntadeandalucia.es\/ceipramonhernandez\/wp-json\/wp\/v2\/posts\/40812"}],"collection":[{"href":"https:\/\/blogsaverroes.juntadeandalucia.es\/ceipramonhernandez\/wp-json\/wp\/v2\/posts"}],"about":[{"href":"https:\/\/blogsaverroes.juntadeandalucia.es\/ceipramonhernandez\/wp-json\/wp\/v2\/types\/post"}],"author":[{"embeddable":true,"href":"https:\/\/blogsaverroes.juntadeandalucia.es\/ceipramonhernandez\/wp-json\/wp\/v2\/users\/21262"}],"replies":[{"embeddable":true,"href":"https:\/\/blogsaverroes.juntadeandalucia.es\/ceipramonhernandez\/wp-json\/wp\/v2\/comments?post=40812"}],"version-history":[{"count":9,"href":"https:\/\/blogsaverroes.juntadeandalucia.es\/ceipramonhernandez\/wp-json\/wp\/v2\/posts\/40812\/revisions"}],"predecessor-version":[{"id":40822,"href":"https:\/\/blogsaverroes.juntadeandalucia.es\/ceipramonhernandez\/wp-json\/wp\/v2\/posts\/40812\/revisions\/40822"}],"wp:featuredmedia":[{"embeddable":true,"href":"https:\/\/blogsaverroes.juntadeandalucia.es\/ceipramonhernandez\/wp-json\/wp\/v2\/media\/40813"}],"wp:attachment":[{"href":"https:\/\/blogsaverroes.juntadeandalucia.es\/ceipramonhernandez\/wp-json\/wp\/v2\/media?parent=40812"}],"wp:term":[{"taxonomy":"category","embeddable":true,"href":"https:\/\/blogsaverroes.juntadeandalucia.es\/ceipramonhernandez\/wp-json\/wp\/v2\/categories?post=40812"},{"taxonomy":"post_tag","embeddable":true,"href":"https:\/\/blogsaverroes.juntadeandalucia.es\/ceipramonhernandez\/wp-json\/wp\/v2\/tags?post=40812"}],"curies":[{"name":"wp","href":"https:\/\/api.w.org\/{rel}","templated":true}]}}