{"id":41030,"date":"2026-02-02T13:59:37","date_gmt":"2026-02-02T12:59:37","guid":{"rendered":"https:\/\/blogsaverroes.juntadeandalucia.es\/ceipramonhernandez\/?p=41030"},"modified":"2026-02-02T13:59:37","modified_gmt":"2026-02-02T12:59:37","slug":"dia-de-la-candelaria-2","status":"publish","type":"post","link":"https:\/\/blogsaverroes.juntadeandalucia.es\/ceipramonhernandez\/dia-de-la-candelaria-2\/","title":{"rendered":"D\u00cdA DE LA CANDELARIA"},"content":{"rendered":"<p style=\"text-align: justify\"><span style=\"font-family: 'comic sans ms', sans-serif\">Como es tradici\u00f3n en nuestro centro, se ha&nbsp; celebrado el d\u00eda de la Candelaria,&nbsp; degustando nuestra ya tradicional torta con chocolate.&nbsp; A continuaci\u00f3n del desayuno, nuestra compa\u00f1era la se\u00f1o Mar\u00eda Castro nos ha un le\u00eddo un cuento y el manifiesto de un conjuro y&nbsp; tras ello, hemos quemado en la hoguera todas las malas acciones.<\/span><\/p>\n<p style=\"text-align: justify\"><span style=\"font-family: 'comic sans ms', sans-serif\">Agradecemos a todas las personas que han colaborado en la celebraci\u00f3n de este d\u00eda, como las madres del AMPA,<\/span><span style=\"font-family: 'comic sans ms', sans-serif\"> a la se\u00f1o Mar\u00eda, por su colaboraci\u00f3n durante el acto de la Candelaria.<\/span><\/p>\n<p style=\"text-align: justify\"><span style=\"font-family: 'comic sans ms', sans-serif\">Os dejamos una colecci\u00f3n de fotos de este d\u00eda.<\/span><\/p>\nngg_shortcode_0_placeholder\n","protected":false},"excerpt":{"rendered":"<p>Como es tradici\u00f3n en nuestro centro, se ha&nbsp; celebrado el d\u00eda de la Candelaria,&nbsp; degustando nuestra ya tradicional torta con chocolate.&nbsp; A continuaci\u00f3n del desayuno, nuestra compa\u00f1era la se\u00f1o Mar\u00eda Castro nos ha un le\u00eddo un cuento y el manifiesto de un conjuro y&nbsp; tras ello, hemos quemado en la hoguera todas las malas acciones. [&hellip;]<\/p>\n","protected":false},"author":16543,"featured_media":41034,"comment_status":"closed","ping_status":"closed","sticky":false,"template":"","format":"standard","meta":{"ngg_post_thumbnail":0,"footnotes":""},"categories":[1823039,526,1247054],"tags":[],"aioseo_notices":[],"_links":{"self":[{"href":"https:\/\/blogsaverroes.juntadeandalucia.es\/ceipramonhernandez\/wp-json\/wp\/v2\/posts\/41030"}],"collection":[{"href":"https:\/\/blogsaverroes.juntadeandalucia.es\/ceipramonhernandez\/wp-json\/wp\/v2\/posts"}],"about":[{"href":"https:\/\/blogsaverroes.juntadeandalucia.es\/ceipramonhernandez\/wp-json\/wp\/v2\/types\/post"}],"author":[{"embeddable":true,"href":"https:\/\/blogsaverroes.juntadeandalucia.es\/ceipramonhernandez\/wp-json\/wp\/v2\/users\/16543"}],"replies":[{"embeddable":true,"href":"https:\/\/blogsaverroes.juntadeandalucia.es\/ceipramonhernandez\/wp-json\/wp\/v2\/comments?post=41030"}],"version-history":[{"count":4,"href":"https:\/\/blogsaverroes.juntadeandalucia.es\/ceipramonhernandez\/wp-json\/wp\/v2\/posts\/41030\/revisions"}],"predecessor-version":[{"id":41042,"href":"https:\/\/blogsaverroes.juntadeandalucia.es\/ceipramonhernandez\/wp-json\/wp\/v2\/posts\/41030\/revisions\/41042"}],"wp:featuredmedia":[{"embeddable":true,"href":"https:\/\/blogsaverroes.juntadeandalucia.es\/ceipramonhernandez\/wp-json\/wp\/v2\/media\/41034"}],"wp:attachment":[{"href":"https:\/\/blogsaverroes.juntadeandalucia.es\/ceipramonhernandez\/wp-json\/wp\/v2\/media?parent=41030"}],"wp:term":[{"taxonomy":"category","embeddable":true,"href":"https:\/\/blogsaverroes.juntadeandalucia.es\/ceipramonhernandez\/wp-json\/wp\/v2\/categories?post=41030"},{"taxonomy":"post_tag","embeddable":true,"href":"https:\/\/blogsaverroes.juntadeandalucia.es\/ceipramonhernandez\/wp-json\/wp\/v2\/tags?post=41030"}],"curies":[{"name":"wp","href":"https:\/\/api.w.org\/{rel}","templated":true}]}}