{"id":4238,"date":"2018-04-23T13:00:36","date_gmt":"2018-04-23T12:00:36","guid":{"rendered":"https:\/\/blogsaverroes.juntadeandalucia.es\/ceipramonhernandez\/?p=4238"},"modified":"2018-04-25T09:25:27","modified_gmt":"2018-04-25T08:25:27","slug":"el-monstruo-de-colores","status":"publish","type":"post","link":"https:\/\/blogsaverroes.juntadeandalucia.es\/ceipramonhernandez\/el-monstruo-de-colores\/","title":{"rendered":"El monstruo de colores para infantil"},"content":{"rendered":"<p>Esta ma\u00f1ana, con motivo de la celebraci\u00f3n del D\u00eda del Libro, hemos tenido la suerte y la alegr\u00eda de recibir la visita de la maestra jubilada D\u00aa&nbsp;<a class=\"profileLink\" href=\"https:\/\/www.facebook.com\/antonia.martinezleon.7?fref=mentions\">Antonia Martinez Leon<\/a>&nbsp;que ha venido para hacer un taller con l@s alumn@s de infantil sobre el libro El Monstruo de colores.<br \/>\nSe lo han pasado muy bien y est\u00e1n deseando repetir.<br \/>\nAqu\u00ed os dejamos unas fotos del taller.<\/p>\nngg_shortcode_0_placeholder\n","protected":false},"excerpt":{"rendered":"<p>Esta ma\u00f1ana, con motivo de la celebraci\u00f3n del D\u00eda del Libro, hemos tenido la suerte y la alegr\u00eda de recibir la visita de la maestra jubilada D\u00aa&nbsp;Antonia Martinez Leon&nbsp;que ha venido para hacer un taller con l@s alumn@s de infantil sobre el libro El Monstruo de colores. Se lo han pasado muy bien y est\u00e1n [&hellip;]<\/p>\n","protected":false},"author":5362,"featured_media":4261,"comment_status":"open","ping_status":"closed","sticky":false,"template":"","format":"standard","meta":{"ngg_post_thumbnail":0,"footnotes":""},"categories":[1245318,1245552,1245654,1852,526],"tags":[],"aioseo_notices":[],"_links":{"self":[{"href":"https:\/\/blogsaverroes.juntadeandalucia.es\/ceipramonhernandez\/wp-json\/wp\/v2\/posts\/4238"}],"collection":[{"href":"https:\/\/blogsaverroes.juntadeandalucia.es\/ceipramonhernandez\/wp-json\/wp\/v2\/posts"}],"about":[{"href":"https:\/\/blogsaverroes.juntadeandalucia.es\/ceipramonhernandez\/wp-json\/wp\/v2\/types\/post"}],"author":[{"embeddable":true,"href":"https:\/\/blogsaverroes.juntadeandalucia.es\/ceipramonhernandez\/wp-json\/wp\/v2\/users\/5362"}],"replies":[{"embeddable":true,"href":"https:\/\/blogsaverroes.juntadeandalucia.es\/ceipramonhernandez\/wp-json\/wp\/v2\/comments?post=4238"}],"version-history":[{"count":3,"href":"https:\/\/blogsaverroes.juntadeandalucia.es\/ceipramonhernandez\/wp-json\/wp\/v2\/posts\/4238\/revisions"}],"predecessor-version":[{"id":4339,"href":"https:\/\/blogsaverroes.juntadeandalucia.es\/ceipramonhernandez\/wp-json\/wp\/v2\/posts\/4238\/revisions\/4339"}],"wp:featuredmedia":[{"embeddable":true,"href":"https:\/\/blogsaverroes.juntadeandalucia.es\/ceipramonhernandez\/wp-json\/wp\/v2\/media\/4261"}],"wp:attachment":[{"href":"https:\/\/blogsaverroes.juntadeandalucia.es\/ceipramonhernandez\/wp-json\/wp\/v2\/media?parent=4238"}],"wp:term":[{"taxonomy":"category","embeddable":true,"href":"https:\/\/blogsaverroes.juntadeandalucia.es\/ceipramonhernandez\/wp-json\/wp\/v2\/categories?post=4238"},{"taxonomy":"post_tag","embeddable":true,"href":"https:\/\/blogsaverroes.juntadeandalucia.es\/ceipramonhernandez\/wp-json\/wp\/v2\/tags?post=4238"}],"curies":[{"name":"wp","href":"https:\/\/api.w.org\/{rel}","templated":true}]}}