{"id":43284,"date":"2026-03-10T16:25:58","date_gmt":"2026-03-10T15:25:58","guid":{"rendered":"https:\/\/blogsaverroes.juntadeandalucia.es\/ceipramonhernandez\/?p=43284"},"modified":"2026-03-10T16:26:13","modified_gmt":"2026-03-10T15:26:13","slug":"dia-internacional-de-la-mujer","status":"publish","type":"post","link":"https:\/\/blogsaverroes.juntadeandalucia.es\/ceipramonhernandez\/dia-internacional-de-la-mujer\/","title":{"rendered":"D\u00eda Internacional de la mujer"},"content":{"rendered":"<p>Con motivo del 8M, D\u00eda Internacional de la Mujer, nuestro centro se ha unido a la celebraci\u00f3n y reivindicaci\u00f3n de esta fecha tan significativa a trav\u00e9s de diferentes actividades que invitan a la reflexi\u00f3n, la participaci\u00f3n y el compromiso con la igualdad. Este a\u00f1o lo hemos hecho de una forma muy especial con la \u201cCarrera hacia la igualdad\u201d, una iniciativa simb\u00f3lica en la que cada paso representa el avance colectivo hacia una sociedad m\u00e1s justa e igualitaria, record\u00e1ndonos que el cambio se construye entre todos.<\/p>\n<p>Adem\u00e1s de esta actividad, el alumnado ha participado activamente en la creaci\u00f3n de carteles reivindicativos sobre el 8M, donde han plasmado mensajes de igualdad, respeto y reconocimiento del papel de la mujer en la sociedad. Tambi\u00e9n han realizado dibujos representando sus \u201cyo\u201d del futuro, imagin\u00e1ndose a s\u00ed mismos y a s\u00ed mismas siendo aquello que desean llegar a ser, sin l\u00edmites ni estereotipos, reflejando as\u00ed un futuro donde todas las personas tengan las mismas oportunidades para cumplir sus sue\u00f1os.\u201d<\/p>\n<p>Aqu\u00ed os dejamos algunas fotos:<\/p>\nngg_shortcode_0_placeholder\n","protected":false},"excerpt":{"rendered":"<p>Con motivo del 8M, D\u00eda Internacional de la Mujer, nuestro centro se ha unido a la celebraci\u00f3n y reivindicaci\u00f3n de esta fecha tan significativa a trav\u00e9s de diferentes actividades que invitan a la reflexi\u00f3n, la participaci\u00f3n y el compromiso con la igualdad. Este a\u00f1o lo hemos hecho de una forma muy especial con la \u201cCarrera [&hellip;]<\/p>\n","protected":false},"author":16543,"featured_media":43289,"comment_status":"closed","ping_status":"closed","sticky":false,"template":"","format":"standard","meta":{"ngg_post_thumbnail":0,"footnotes":""},"categories":[1823039,526,1247054],"tags":[],"aioseo_notices":[],"_links":{"self":[{"href":"https:\/\/blogsaverroes.juntadeandalucia.es\/ceipramonhernandez\/wp-json\/wp\/v2\/posts\/43284"}],"collection":[{"href":"https:\/\/blogsaverroes.juntadeandalucia.es\/ceipramonhernandez\/wp-json\/wp\/v2\/posts"}],"about":[{"href":"https:\/\/blogsaverroes.juntadeandalucia.es\/ceipramonhernandez\/wp-json\/wp\/v2\/types\/post"}],"author":[{"embeddable":true,"href":"https:\/\/blogsaverroes.juntadeandalucia.es\/ceipramonhernandez\/wp-json\/wp\/v2\/users\/16543"}],"replies":[{"embeddable":true,"href":"https:\/\/blogsaverroes.juntadeandalucia.es\/ceipramonhernandez\/wp-json\/wp\/v2\/comments?post=43284"}],"version-history":[{"count":9,"href":"https:\/\/blogsaverroes.juntadeandalucia.es\/ceipramonhernandez\/wp-json\/wp\/v2\/posts\/43284\/revisions"}],"predecessor-version":[{"id":43303,"href":"https:\/\/blogsaverroes.juntadeandalucia.es\/ceipramonhernandez\/wp-json\/wp\/v2\/posts\/43284\/revisions\/43303"}],"wp:featuredmedia":[{"embeddable":true,"href":"https:\/\/blogsaverroes.juntadeandalucia.es\/ceipramonhernandez\/wp-json\/wp\/v2\/media\/43289"}],"wp:attachment":[{"href":"https:\/\/blogsaverroes.juntadeandalucia.es\/ceipramonhernandez\/wp-json\/wp\/v2\/media?parent=43284"}],"wp:term":[{"taxonomy":"category","embeddable":true,"href":"https:\/\/blogsaverroes.juntadeandalucia.es\/ceipramonhernandez\/wp-json\/wp\/v2\/categories?post=43284"},{"taxonomy":"post_tag","embeddable":true,"href":"https:\/\/blogsaverroes.juntadeandalucia.es\/ceipramonhernandez\/wp-json\/wp\/v2\/tags?post=43284"}],"curies":[{"name":"wp","href":"https:\/\/api.w.org\/{rel}","templated":true}]}}