{"id":4573,"date":"2018-05-07T18:51:25","date_gmt":"2018-05-07T17:51:25","guid":{"rendered":"https:\/\/blogsaverroes.juntadeandalucia.es\/ceipramonhernandez\/?p=4573"},"modified":"2024-04-25T06:17:33","modified_gmt":"2024-04-25T05:17:33","slug":"cruz-de-mayo-2018","status":"publish","type":"post","link":"https:\/\/blogsaverroes.juntadeandalucia.es\/ceipramonhernandez\/cruz-de-mayo-2018\/","title":{"rendered":"CRUZ DE MAYO SOLIDARIA 2018"},"content":{"rendered":"<p style=\"text-align: justify\"><span style=\"font-family: 'comic sans ms', sans-serif\">Hoy hemos celebrado en el cole nuestra ya tradicional <strong>Cruz de Mayo Solidaria<\/strong> (naci\u00f3 hace 19 a\u00f1os a ra\u00edz del hurac\u00e1n Mitch) para recaudar fondos para&nbsp;la Asociaci\u00f3n Solidaridad y discapacidad de Ca\u00f1ete.<\/span><\/p>\n<p style=\"text-align: justify\"><span style=\"font-family: 'comic sans ms', sans-serif\">Desde aqu\u00ed queremos dar las gracias:<\/span><\/p>\n<p style=\"text-align: justify\"><span style=\"font-family: 'comic sans ms', sans-serif\">&#8211; Al <strong>Ayuntamiento<\/strong> por prestarnos y montarnos el escenario que hemos utilizado durante la fiesta.<\/span><\/p>\n<p style=\"text-align: justify\"><span style=\"font-family: 'comic sans ms', sans-serif\">&#8211; A <strong>Francis Jim\u00e9nez Ballesteros<\/strong>, <strong>Ismael Calvo Velasco<\/strong> y <strong>Manoli Cuenca Gonz\u00e1lez<\/strong>, sin l@s cuales no se habr\u00eda montado toda la infraestructura de la cruz (botelleros, barras, sonido&#8230;..).<\/span><\/p>\n<p style=\"text-align: justify\"><span style=\"font-family: 'comic sans ms', sans-serif\">&#8211; A las personas de la <strong>Asociaci\u00f3n Solidaridad y discapacidad<\/strong> que han ayudado en la decoraci\u00f3n, montaje, durante la cruz y en la recogida de la misma.<\/span><\/p>\n<p style=\"text-align: justify\"><span style=\"font-family: 'comic sans ms', sans-serif\">&#8211; A <strong>Duque Ruiz<\/strong>, que nos ameniz\u00f3 la fiesta con m\u00fasica en directo.<\/span><\/p>\n<p style=\"text-align: justify\"><span style=\"font-family: 'comic sans ms', sans-serif\">&#8211; A&nbsp;<strong>Pilar Montalban Rela\u00f1o<\/strong>&nbsp;y a las ni\u00f1as de su grupo de sevillanas que nos deleitaron con sus bailes.<\/span><\/p>\n<p style=\"text-align: justify\"><span style=\"font-family: 'comic sans ms', sans-serif\">&#8211; A <strong>Antonia Gema Cuenca Gonzalez<\/strong>, <strong>Fabiola Calzado Navarro<\/strong>, <strong>Sensi Pulido<\/strong> y&nbsp;<strong>Beatriz Serrano<\/strong>&nbsp;que, al igual que el a\u00f1o pasado se encargaron de hacer 3 paellas para darnos de comer a tod@s (y estaban riqu\u00edsimas como siempre). Tambi\u00e9n a&nbsp;<strong>Gemma Barea Gallardo<\/strong>&nbsp;que no par\u00f3 de preparar montaditos de lomo y pinchos de tortilla hasta que se acabaron.<\/span><\/p>\n<p style=\"text-align: justify\"><span style=\"font-family: 'comic sans ms', sans-serif\">-A las <strong>monitoras<\/strong> que se quedaron en el comedor pendientes de l@s ni\u00f1@s que hicieron uso del servicio de comedor hasta que llegaron sus padres.<\/span><\/p>\n<p style=\"text-align: justify\"><span style=\"font-family: 'comic sans ms', sans-serif\">&#8211; A&nbsp;<strong>M\u00aa Jose Pons Blanca<\/strong>, <strong>F\u00e1tima Ruiz<\/strong>, <strong>Carmen M\u00aa L\u00f3pez Osuna<\/strong> y <strong>M\u00aa Jos\u00e9 Vill\u00e9n Coronado<\/strong> por estar durante toda la cruz sacrificadas en los tickets.&nbsp;<\/span><\/p>\n<p style=\"text-align: justify\"><span style=\"font-family: 'comic sans ms', sans-serif\">&#8211; A <strong>l@s maestr@s<\/strong> del colegio que se metieron en la barra y que dentro de esta echaron una mano.&nbsp;<\/span><\/p>\n<p style=\"text-align: justify\"><span style=\"font-family: 'comic sans ms', sans-serif\">&#8211; A <strong>Jos\u00e9 Luis Castro Caravaca<\/strong>, maestro jubilado que no sabe estarse quieto mientras otros recogen y nos ech\u00f3 una mano.<\/span><\/p>\n<p style=\"text-align: justify\"><span style=\"font-family: 'comic sans ms', sans-serif\">&#8211; A <strong>l@s padres y madres<\/strong> que acudieron a acompa\u00f1arnos, que contribuyeron econ\u00f3micamente y que pasaron un buen rato con nosotros.<\/span><\/p>\n<p style=\"text-align: justify\"><span style=\"font-family: 'comic sans ms', sans-serif\">-A l@s que ayudaron a recoger.<\/span><\/p>\n<p style=\"text-align: justify\"><span style=\"font-family: 'comic sans ms', sans-serif\">Esperamos no dejarnos atr\u00e1s a nadie, de ser as\u00ed, os pedimos disculpas de antemano y, una vez m\u00e1s, reiteramos desde aqu\u00ed nuestro agradecimiento a tod@s aquell@s que han hecho posible la realizaci\u00f3n de esta actividad.<\/span><\/p>\n<p style=\"text-align: justify\"><span style=\"font-family: 'comic sans ms', sans-serif\">Por \u00faltimo, deciros que comunicaremos lo recaudado cuando lo tengamos contabilizado.<\/span><\/p>\n<p style=\"text-align: justify\"><span style=\"font-family: 'comic sans ms', sans-serif\">Aqu\u00ed os dejamos las fotos del evento.<\/span><\/p>\nngg_shortcode_0_placeholder\n","protected":false},"excerpt":{"rendered":"<p>Hoy hemos celebrado en el cole nuestra ya tradicional Cruz de Mayo Solidaria (naci\u00f3 hace 19 a\u00f1os a ra\u00edz del hurac\u00e1n Mitch) para recaudar fondos para&nbsp;la Asociaci\u00f3n Solidaridad y discapacidad de Ca\u00f1ete. Desde aqu\u00ed queremos dar las gracias: &#8211; Al Ayuntamiento por prestarnos y montarnos el escenario que hemos utilizado durante la fiesta. &#8211; A [&hellip;]<\/p>\n","protected":false},"author":5362,"featured_media":4668,"comment_status":"open","ping_status":"closed","sticky":false,"template":"","format":"standard","meta":{"ngg_post_thumbnail":0,"footnotes":""},"categories":[29706,29707,29708,59894,60253,60490,1696,1823033,1245318,1245552,1245654,1852,526,1245800,1247054],"tags":[29708],"aioseo_notices":[],"_links":{"self":[{"href":"https:\/\/blogsaverroes.juntadeandalucia.es\/ceipramonhernandez\/wp-json\/wp\/v2\/posts\/4573"}],"collection":[{"href":"https:\/\/blogsaverroes.juntadeandalucia.es\/ceipramonhernandez\/wp-json\/wp\/v2\/posts"}],"about":[{"href":"https:\/\/blogsaverroes.juntadeandalucia.es\/ceipramonhernandez\/wp-json\/wp\/v2\/types\/post"}],"author":[{"embeddable":true,"href":"https:\/\/blogsaverroes.juntadeandalucia.es\/ceipramonhernandez\/wp-json\/wp\/v2\/users\/5362"}],"replies":[{"embeddable":true,"href":"https:\/\/blogsaverroes.juntadeandalucia.es\/ceipramonhernandez\/wp-json\/wp\/v2\/comments?post=4573"}],"version-history":[{"count":7,"href":"https:\/\/blogsaverroes.juntadeandalucia.es\/ceipramonhernandez\/wp-json\/wp\/v2\/posts\/4573\/revisions"}],"predecessor-version":[{"id":4680,"href":"https:\/\/blogsaverroes.juntadeandalucia.es\/ceipramonhernandez\/wp-json\/wp\/v2\/posts\/4573\/revisions\/4680"}],"wp:featuredmedia":[{"embeddable":true,"href":"https:\/\/blogsaverroes.juntadeandalucia.es\/ceipramonhernandez\/wp-json\/wp\/v2\/media\/4668"}],"wp:attachment":[{"href":"https:\/\/blogsaverroes.juntadeandalucia.es\/ceipramonhernandez\/wp-json\/wp\/v2\/media?parent=4573"}],"wp:term":[{"taxonomy":"category","embeddable":true,"href":"https:\/\/blogsaverroes.juntadeandalucia.es\/ceipramonhernandez\/wp-json\/wp\/v2\/categories?post=4573"},{"taxonomy":"post_tag","embeddable":true,"href":"https:\/\/blogsaverroes.juntadeandalucia.es\/ceipramonhernandez\/wp-json\/wp\/v2\/tags?post=4573"}],"curies":[{"name":"wp","href":"https:\/\/api.w.org\/{rel}","templated":true}]}}