{"id":5124,"date":"2018-06-18T16:39:25","date_gmt":"2018-06-18T15:39:25","guid":{"rendered":"https:\/\/blogsaverroes.juntadeandalucia.es\/ceipramonhernandez\/?p=5124"},"modified":"2018-06-18T16:42:08","modified_gmt":"2018-06-18T15:42:08","slug":"fiesta-fin-de-curso-2018","status":"publish","type":"post","link":"https:\/\/blogsaverroes.juntadeandalucia.es\/ceipramonhernandez\/fiesta-fin-de-curso-2018\/","title":{"rendered":"FIESTA FIN DE CURSO 2018"},"content":{"rendered":"<p>Al igual que para la Cruz de mayo solidaria, l@s alumn@s de 6\u00ba dentro de la asignatura de Cultura y pr\u00e1ctica digital, han realizado un trabajo-concurso que consist\u00eda en elaborar un cartel anunciador de la fiesta de fin de curso.<\/p>\n<p>En esta ocasi\u00f3n la ganadora ha sido <strong>Marina Molina Guti\u00e9rrez<\/strong>. Enhorabuena!!!!<\/p>\n<div class=\"text_exposed_show\">\n<p>La celebraci\u00f3n de la fiesta de fin de curso est\u00e1 prevista para el <strong>viernes d\u00eda 22 de junio a las 21:00 horas en la Caseta Municipal (las puertas se abrir\u00e1n al p\u00fablico a las 20:30 horas)<\/strong>.<\/p>\n<p>Aqu\u00ed os dejamos el cartel anunciador ganador y el programa de actividades previstas.<\/p>\n<p><strong>NO FALT\u00c9IS A LA FIESTA!!!!!!!!<\/strong><br \/>\n<strong>LO PASAREMOS BOMBA!!!!!!!<\/strong><\/p>\n<p>P.D: Se ruega la m\u00e1xima difusi\u00f3n de este evento. Gracias<\/p>\n<p>&nbsp;<\/p>\n<table style=\"height: 11px\" width=\"784\">\n<tbody>\n<tr>\n<td style=\"width: 254px\"><a href=\"https:\/\/blogsaverroes.juntadeandalucia.es\/ceipramonhernandez\/files\/2018\/06\/fiesta-fin-de-curso-marina.jpg\" target=\"_blank\" rel=\"noopener\"><img loading=\"lazy\" decoding=\"async\" class=\"aligncenter wp-image-5125 size-medium\" title=\"Pinchar para ampliar\" src=\"https:\/\/blogsaverroes.juntadeandalucia.es\/ceipramonhernandez\/files\/2018\/06\/fiesta-fin-de-curso-marina-300x225.jpg\" alt=\"\" width=\"300\" height=\"225\" srcset=\"https:\/\/blogsaverroes.juntadeandalucia.es\/ceipramonhernandez\/files\/2018\/06\/fiesta-fin-de-curso-marina-300x225.jpg 300w, https:\/\/blogsaverroes.juntadeandalucia.es\/ceipramonhernandez\/files\/2018\/06\/fiesta-fin-de-curso-marina-768x576.jpg 768w, https:\/\/blogsaverroes.juntadeandalucia.es\/ceipramonhernandez\/files\/2018\/06\/fiesta-fin-de-curso-marina-24x18.jpg 24w, https:\/\/blogsaverroes.juntadeandalucia.es\/ceipramonhernandez\/files\/2018\/06\/fiesta-fin-de-curso-marina-36x27.jpg 36w, https:\/\/blogsaverroes.juntadeandalucia.es\/ceipramonhernandez\/files\/2018\/06\/fiesta-fin-de-curso-marina-48x36.jpg 48w, https:\/\/blogsaverroes.juntadeandalucia.es\/ceipramonhernandez\/files\/2018\/06\/fiesta-fin-de-curso-marina-400x300.jpg 400w, https:\/\/blogsaverroes.juntadeandalucia.es\/ceipramonhernandez\/files\/2018\/06\/fiesta-fin-de-curso-marina.jpg 960w\" sizes=\"(max-width: 300px) 100vw, 300px\" \/><\/a><\/td>\n<td style=\"width: 254px\"><a href=\"https:\/\/blogsaverroes.juntadeandalucia.es\/ceipramonhernandez\/files\/2018\/06\/portada_fiestafincurso_2018.jpg\" target=\"_blank\" rel=\"noopener\"><img loading=\"lazy\" decoding=\"async\" class=\"aligncenter wp-image-5127 size-medium\" title=\"Pinchar para ampliar\" src=\"https:\/\/blogsaverroes.juntadeandalucia.es\/ceipramonhernandez\/files\/2018\/06\/portada_fiestafincurso_2018-300x212.jpg\" alt=\"\" width=\"300\" height=\"212\" srcset=\"https:\/\/blogsaverroes.juntadeandalucia.es\/ceipramonhernandez\/files\/2018\/06\/portada_fiestafincurso_2018-300x212.jpg 300w, https:\/\/blogsaverroes.juntadeandalucia.es\/ceipramonhernandez\/files\/2018\/06\/portada_fiestafincurso_2018-768x541.jpg 768w, https:\/\/blogsaverroes.juntadeandalucia.es\/ceipramonhernandez\/files\/2018\/06\/portada_fiestafincurso_2018-1024x722.jpg 1024w, https:\/\/blogsaverroes.juntadeandalucia.es\/ceipramonhernandez\/files\/2018\/06\/portada_fiestafincurso_2018-24x17.jpg 24w, https:\/\/blogsaverroes.juntadeandalucia.es\/ceipramonhernandez\/files\/2018\/06\/portada_fiestafincurso_2018-36x25.jpg 36w, https:\/\/blogsaverroes.juntadeandalucia.es\/ceipramonhernandez\/files\/2018\/06\/portada_fiestafincurso_2018-48x34.jpg 48w, https:\/\/blogsaverroes.juntadeandalucia.es\/ceipramonhernandez\/files\/2018\/06\/portada_fiestafincurso_2018.jpg 1241w\" sizes=\"(max-width: 300px) 100vw, 300px\" \/><\/a><\/td>\n<td style=\"width: 254px\"><a href=\"https:\/\/blogsaverroes.juntadeandalucia.es\/ceipramonhernandez\/files\/2018\/06\/interior_fiestafindecurso_2018.jpg\" target=\"_blank\" rel=\"noopener\"><img loading=\"lazy\" decoding=\"async\" class=\"aligncenter wp-image-5126 size-medium\" title=\"Pinchar para ampliar\" src=\"https:\/\/blogsaverroes.juntadeandalucia.es\/ceipramonhernandez\/files\/2018\/06\/interior_fiestafindecurso_2018-300x211.jpg\" alt=\"\" width=\"300\" height=\"211\" srcset=\"https:\/\/blogsaverroes.juntadeandalucia.es\/ceipramonhernandez\/files\/2018\/06\/interior_fiestafindecurso_2018-300x211.jpg 300w, https:\/\/blogsaverroes.juntadeandalucia.es\/ceipramonhernandez\/files\/2018\/06\/interior_fiestafindecurso_2018-768x541.jpg 768w, https:\/\/blogsaverroes.juntadeandalucia.es\/ceipramonhernandez\/files\/2018\/06\/interior_fiestafindecurso_2018-1024x722.jpg 1024w, https:\/\/blogsaverroes.juntadeandalucia.es\/ceipramonhernandez\/files\/2018\/06\/interior_fiestafindecurso_2018-24x17.jpg 24w, https:\/\/blogsaverroes.juntadeandalucia.es\/ceipramonhernandez\/files\/2018\/06\/interior_fiestafindecurso_2018-36x25.jpg 36w, https:\/\/blogsaverroes.juntadeandalucia.es\/ceipramonhernandez\/files\/2018\/06\/interior_fiestafindecurso_2018-48x34.jpg 48w, https:\/\/blogsaverroes.juntadeandalucia.es\/ceipramonhernandez\/files\/2018\/06\/interior_fiestafindecurso_2018.jpg 1600w\" sizes=\"(max-width: 300px) 100vw, 300px\" \/><\/a><\/td>\n<\/tr>\n<\/tbody>\n<\/table>\n<\/div>\n","protected":false},"excerpt":{"rendered":"<p>Al igual que para la Cruz de mayo solidaria, l@s alumn@s de 6\u00ba dentro de la asignatura de Cultura y pr\u00e1ctica digital, han realizado un trabajo-concurso que consist\u00eda en elaborar un cartel anunciador de la fiesta de fin de curso. En esta ocasi\u00f3n la ganadora ha sido Marina Molina Guti\u00e9rrez. Enhorabuena!!!! La celebraci\u00f3n de la [&hellip;]<\/p>\n","protected":false},"author":5362,"featured_media":5125,"comment_status":"open","ping_status":"closed","sticky":false,"template":"","format":"standard","meta":{"ngg_post_thumbnail":0,"footnotes":""},"categories":[29706,29707,29708,59894,60253,60490,1696,1245318,1245552,1245654,1852,526,1245800,1247054],"tags":[],"aioseo_notices":[],"_links":{"self":[{"href":"https:\/\/blogsaverroes.juntadeandalucia.es\/ceipramonhernandez\/wp-json\/wp\/v2\/posts\/5124"}],"collection":[{"href":"https:\/\/blogsaverroes.juntadeandalucia.es\/ceipramonhernandez\/wp-json\/wp\/v2\/posts"}],"about":[{"href":"https:\/\/blogsaverroes.juntadeandalucia.es\/ceipramonhernandez\/wp-json\/wp\/v2\/types\/post"}],"author":[{"embeddable":true,"href":"https:\/\/blogsaverroes.juntadeandalucia.es\/ceipramonhernandez\/wp-json\/wp\/v2\/users\/5362"}],"replies":[{"embeddable":true,"href":"https:\/\/blogsaverroes.juntadeandalucia.es\/ceipramonhernandez\/wp-json\/wp\/v2\/comments?post=5124"}],"version-history":[{"count":4,"href":"https:\/\/blogsaverroes.juntadeandalucia.es\/ceipramonhernandez\/wp-json\/wp\/v2\/posts\/5124\/revisions"}],"predecessor-version":[{"id":5131,"href":"https:\/\/blogsaverroes.juntadeandalucia.es\/ceipramonhernandez\/wp-json\/wp\/v2\/posts\/5124\/revisions\/5131"}],"wp:featuredmedia":[{"embeddable":true,"href":"https:\/\/blogsaverroes.juntadeandalucia.es\/ceipramonhernandez\/wp-json\/wp\/v2\/media\/5125"}],"wp:attachment":[{"href":"https:\/\/blogsaverroes.juntadeandalucia.es\/ceipramonhernandez\/wp-json\/wp\/v2\/media?parent=5124"}],"wp:term":[{"taxonomy":"category","embeddable":true,"href":"https:\/\/blogsaverroes.juntadeandalucia.es\/ceipramonhernandez\/wp-json\/wp\/v2\/categories?post=5124"},{"taxonomy":"post_tag","embeddable":true,"href":"https:\/\/blogsaverroes.juntadeandalucia.es\/ceipramonhernandez\/wp-json\/wp\/v2\/tags?post=5124"}],"curies":[{"name":"wp","href":"https:\/\/api.w.org\/{rel}","templated":true}]}}