{"id":5812,"date":"2018-10-13T20:47:51","date_gmt":"2018-10-13T19:47:51","guid":{"rendered":"https:\/\/blogsaverroes.juntadeandalucia.es\/ceipramonhernandez\/?p=5812"},"modified":"2018-10-13T20:48:38","modified_gmt":"2018-10-13T19:48:38","slug":"canete-c-d-base","status":"publish","type":"post","link":"https:\/\/blogsaverroes.juntadeandalucia.es\/ceipramonhernandez\/canete-c-d-base\/","title":{"rendered":"CA\u00d1ETE C.D. BASE"},"content":{"rendered":"<p style=\"background: white;margin: 0cm 0cm 4.5pt;text-align: justify\"><span style=\"font-family: 'comic sans ms', sans-serif;font-size: 12pt\"><span style=\"color: #1d2129\">Esta ma\u00f1ana, el CA\u00d1ETE C.D. BASE ha recibido la visita del C.D. EL CARPIO C.F.<\/span> en la 3\u00aa jornada del grupo IV de la 4\u00aa Andaluza Alev\u00edn.<\/span><\/p>\n<p style=\"background: white;margin: 0cm 0cm 4.5pt;text-align: justify\"><span style=\"font-size: 12pt;font-family: 'comic sans ms', sans-serif;color: #1d2129\">La numerosa afici\u00f3n presente en el Municipal de&nbsp;<a style=\"cursor: pointer\" href=\"https:\/\/www.facebook.com\/profile.php?id=100014288741772&amp;__tn__=%2CdK-R-R&amp;eid=ARBXPcqVADcADx9h91U-E1dS12egjf484X-pwLUv7j-aEGhxz2IRk_MHo8uUIaMj1n9jyieWvnEpLUNw&amp;fref=mentions\"><span style=\"color: #1d2129;text-decoration: none\">Ca\u00f1ete de las Torres<\/span><\/a>&nbsp;para el encuentro ha podido comprobar como el derbi, que se ha disputado bajo un sol de justicia, se iba para El Carpio.<\/span><\/p>\n<p style=\"background: white;margin: 0cm 0cm 4.5pt;text-align: justify\"><span style=\"font-size: 12pt;font-family: 'comic sans ms', sans-serif;color: #1d2129\">El equipo comenz\u00f3 por debajo en el marcador y, a pesar de conseguir empatar a uno en el minuto 20 de partido con un gol de Juanjo, fue derrotado por el equipo visitante.<\/span><\/p>\n<p style=\"background: white;text-align: justify;margin: 0cm 0cm 4.5pt\"><span style=\"font-size: 12pt;font-family: 'comic sans ms', sans-serif;color: #1d2129\">En el siguiente enlace pueden encontrar la ficha del partido<\/span><\/p>\n<p style=\"background: white;margin: 0cm 0cm 4.5pt;text-align: justify\"><span style=\"font-size: 12pt\"><a href=\"http:\/\/www.faf.es\/pnfg\/NFG_CmpPartido?cod_primaria=1000120&amp;CodActa=1244394&amp;cod_acta=1244394\" target=\"_blank\" rel=\"noopener\"><span style=\"font-family: 'comic sans ms', sans-serif;color: #1d2129\">http:\/\/www.faf.es\/pnfg\/NFG_CmpPartido?cod_primaria=1000120&amp;CodActa=1244394&amp;cod_acta=1244394<\/span><\/a><\/span><\/p>\n<p style=\"text-align: center\"><a href=\"https:\/\/blogsaverroes.juntadeandalucia.es\/ceipramonhernandez\/files\/2018\/10\/IMG-20181013-WA0000.jpg\"><img loading=\"lazy\" decoding=\"async\" class=\"aligncenter size-full wp-image-5813\" src=\"https:\/\/blogsaverroes.juntadeandalucia.es\/ceipramonhernandez\/files\/2018\/10\/IMG-20181013-WA0000.jpg\" alt=\"\" width=\"1600\" height=\"777\" srcset=\"https:\/\/blogsaverroes.juntadeandalucia.es\/ceipramonhernandez\/files\/2018\/10\/IMG-20181013-WA0000.jpg 1600w, https:\/\/blogsaverroes.juntadeandalucia.es\/ceipramonhernandez\/files\/2018\/10\/IMG-20181013-WA0000-300x146.jpg 300w, https:\/\/blogsaverroes.juntadeandalucia.es\/ceipramonhernandez\/files\/2018\/10\/IMG-20181013-WA0000-768x373.jpg 768w, https:\/\/blogsaverroes.juntadeandalucia.es\/ceipramonhernandez\/files\/2018\/10\/IMG-20181013-WA0000-1024x497.jpg 1024w, https:\/\/blogsaverroes.juntadeandalucia.es\/ceipramonhernandez\/files\/2018\/10\/IMG-20181013-WA0000-24x12.jpg 24w, https:\/\/blogsaverroes.juntadeandalucia.es\/ceipramonhernandez\/files\/2018\/10\/IMG-20181013-WA0000-36x17.jpg 36w, https:\/\/blogsaverroes.juntadeandalucia.es\/ceipramonhernandez\/files\/2018\/10\/IMG-20181013-WA0000-48x23.jpg 48w\" sizes=\"(max-width: 1600px) 100vw, 1600px\" \/><\/a><\/p>\n","protected":false},"excerpt":{"rendered":"<p>Esta ma\u00f1ana, el CA\u00d1ETE C.D. BASE ha recibido la visita del C.D. EL CARPIO C.F. en la 3\u00aa jornada del grupo IV de la 4\u00aa Andaluza Alev\u00edn. La numerosa afici\u00f3n presente en el Municipal de&nbsp;Ca\u00f1ete de las Torres&nbsp;para el encuentro ha podido comprobar como el derbi, que se ha disputado bajo un sol de justicia, [&hellip;]<\/p>\n","protected":false},"author":5362,"featured_media":5814,"comment_status":"open","ping_status":"closed","sticky":false,"template":"","format":"standard","meta":{"ngg_post_thumbnail":0,"footnotes":""},"categories":[29708,59894,60253,60490,526,1245800],"tags":[],"aioseo_notices":[],"_links":{"self":[{"href":"https:\/\/blogsaverroes.juntadeandalucia.es\/ceipramonhernandez\/wp-json\/wp\/v2\/posts\/5812"}],"collection":[{"href":"https:\/\/blogsaverroes.juntadeandalucia.es\/ceipramonhernandez\/wp-json\/wp\/v2\/posts"}],"about":[{"href":"https:\/\/blogsaverroes.juntadeandalucia.es\/ceipramonhernandez\/wp-json\/wp\/v2\/types\/post"}],"author":[{"embeddable":true,"href":"https:\/\/blogsaverroes.juntadeandalucia.es\/ceipramonhernandez\/wp-json\/wp\/v2\/users\/5362"}],"replies":[{"embeddable":true,"href":"https:\/\/blogsaverroes.juntadeandalucia.es\/ceipramonhernandez\/wp-json\/wp\/v2\/comments?post=5812"}],"version-history":[{"count":2,"href":"https:\/\/blogsaverroes.juntadeandalucia.es\/ceipramonhernandez\/wp-json\/wp\/v2\/posts\/5812\/revisions"}],"predecessor-version":[{"id":5816,"href":"https:\/\/blogsaverroes.juntadeandalucia.es\/ceipramonhernandez\/wp-json\/wp\/v2\/posts\/5812\/revisions\/5816"}],"wp:featuredmedia":[{"embeddable":true,"href":"https:\/\/blogsaverroes.juntadeandalucia.es\/ceipramonhernandez\/wp-json\/wp\/v2\/media\/5814"}],"wp:attachment":[{"href":"https:\/\/blogsaverroes.juntadeandalucia.es\/ceipramonhernandez\/wp-json\/wp\/v2\/media?parent=5812"}],"wp:term":[{"taxonomy":"category","embeddable":true,"href":"https:\/\/blogsaverroes.juntadeandalucia.es\/ceipramonhernandez\/wp-json\/wp\/v2\/categories?post=5812"},{"taxonomy":"post_tag","embeddable":true,"href":"https:\/\/blogsaverroes.juntadeandalucia.es\/ceipramonhernandez\/wp-json\/wp\/v2\/tags?post=5812"}],"curies":[{"name":"wp","href":"https:\/\/api.w.org\/{rel}","templated":true}]}}