{"id":6523,"date":"2018-11-26T20:36:46","date_gmt":"2018-11-26T19:36:46","guid":{"rendered":"https:\/\/blogsaverroes.juntadeandalucia.es\/ceipramonhernandez\/?p=6523"},"modified":"2018-11-26T21:39:03","modified_gmt":"2018-11-26T20:39:03","slug":"dia-no-violencia-2018","status":"publish","type":"post","link":"https:\/\/blogsaverroes.juntadeandalucia.es\/ceipramonhernandez\/dia-no-violencia-2018\/","title":{"rendered":"D\u00eda NO violencia 2018"},"content":{"rendered":"<p style=\"text-align: justify\"><span style=\"font-family: 'comic sans ms', sans-serif\">Esta ma\u00f1ana hemos celebrado en el Parque de Andaluc\u00eda el D\u00eda Internacional de la Eliminaci\u00f3n de la Violencia contra la Mujer.<\/span><br \/>\n<span style=\"font-family: 'comic sans ms', sans-serif\">El acto ha comenzado con unas palabras de la Directora,&nbsp;<a class=\"profileLink\" href=\"https:\/\/www.facebook.com\/mariadelcampo.velascoortega?__tn__=K-R&amp;eid=ARDiuFPfA2wnJoL9tktgmf_mAjW2WJFs2kXHlQ7dJ8sOfVQJU2xe1ZCafqLkVD7svmNCgSyYbq1uhZtC&amp;fref=mentions&amp;__xts__%5B0%5D=68.ARDSSQn0mwQxw_4MbpfUCa5LA9KBSYM0RZlSslOl-doU_0xWkESPq64tzFMQ0mLalukODPtK7sKTdsIfDl8dxYu9PMJDv_4Cn_e_Fxm0679LyR9JSC65dn-vugqoQP__9RmR5A2M3lrgTVOOWlTvEAeFOPaOuZxQc81ocsNGXqlNcG4wlmpC4Xo\">Maria Del Campo Velasco Ortega<\/a>, que ha puesto voz al rechazo que toda la comunidad educativa del&nbsp;<a class=\"profileLink\" href=\"https:\/\/www.facebook.com\/profile.php?id=100009594352356&amp;__tn__=K-R&amp;eid=ARDXA8ltwzKG6E5wxdnb21WrTTVQ9ZTyOt42btwyJXVSU3mHkACYUbrBjoGq5m52K0O4XYKXC-QIu1di&amp;fref=mentions&amp;__xts__%5B0%5D=68.ARDSSQn0mwQxw_4MbpfUCa5LA9KBSYM0RZlSslOl-doU_0xWkESPq64tzFMQ0mLalukODPtK7sKTdsIfDl8dxYu9PMJDv_4Cn_e_Fxm0679LyR9JSC65dn-vugqoQP__9RmR5A2M3lrgTVOOWlTvEAeFOPaOuZxQc81ocsNGXqlNcG4wlmpC4Xo\">Ceip Ram\u00f3n Hern\u00e1ndez Mart\u00ednez<\/a>&nbsp;tiene hacia cualquier manifestaci\u00f3n de violencia y, mucho m\u00e1s, hacia la ejercida contra las mujeres.<\/span><br \/>\n<span style=\"font-family: 'comic sans ms', sans-serif\">La Directora ha cedido la palabra a Victoria C\u00e1rdenas, Concejala de la<span class=\"text_exposed_show\">mujer del Ayuntamiento de&nbsp;<a class=\"profileLink\" href=\"https:\/\/www.facebook.com\/profile.php?id=100014288741772&amp;__tn__=K-R&amp;eid=ARBn96pLn8z0xSsw4QHcJc-EoH6k7OtSq20YvtvTn4o8GbQnyKF6oNrLC-p8dOmXflf_D-0AipQ6AMJI&amp;fref=mentions&amp;__xts__%5B0%5D=68.ARDSSQn0mwQxw_4MbpfUCa5LA9KBSYM0RZlSslOl-doU_0xWkESPq64tzFMQ0mLalukODPtK7sKTdsIfDl8dxYu9PMJDv_4Cn_e_Fxm0679LyR9JSC65dn-vugqoQP__9RmR5A2M3lrgTVOOWlTvEAeFOPaOuZxQc81ocsNGXqlNcG4wlmpC4Xo\">Ca\u00f1ete de las Torres<\/a>, que ha recordado a l@s alumn@s la importancia de avisar a los adultos ante cualquier sospecha de violencia o acoso.<br \/>\nA continuaci\u00f3n han tomado la palabra l@s alumn@s que, desde l@s m\u00e1s peque\u00f1@s hasta los de 6\u00ba, han ido leyendo las palabras y frases que previamente hab\u00edan preparado en clase contra la violencia. Estas palabras y mensajes se han quedado pegados en el monolito que hay en el parque para quien quiera leerlos.<br \/>\nPara concluir la ronda de intervenciones, vari@s soci@s de la&nbsp;<a class=\"profileLink\" href=\"https:\/\/www.facebook.com\/ampalastorres.canetedelastorres?__tn__=K-R&amp;eid=ARCsciceGXIDbT3BhgNHZV3aO5EQxDnvd8uev_TLUSRoV-pWOhuhjPulmbn24YSMh_9QGVrmZQcMnMMG&amp;fref=mentions&amp;__xts__%5B0%5D=68.ARDSSQn0mwQxw_4MbpfUCa5LA9KBSYM0RZlSslOl-doU_0xWkESPq64tzFMQ0mLalukODPtK7sKTdsIfDl8dxYu9PMJDv_4Cn_e_Fxm0679LyR9JSC65dn-vugqoQP__9RmR5A2M3lrgTVOOWlTvEAeFOPaOuZxQc81ocsNGXqlNcG4wlmpC4Xo\">Ampa Las Torres Ca\u00f1ete De Las Torres<\/a>&nbsp;para leer diferentes mensajes en contra de la violencia.<br \/>\nPara terminar el acto, tod@s junt@s hemos cantado la canci\u00f3n de Melendi y Alejandro Sanz \u00abD\u00e9jala que baile\u00bb<\/span><\/span><\/p>\n<div class=\"text_exposed_show\">\n<p style=\"text-align: justify\"><span style=\"font-family: 'comic sans ms', sans-serif\">Desde el&nbsp;<a class=\"profileLink\" href=\"https:\/\/www.facebook.com\/profile.php?id=100009594352356&amp;__tn__=K-R&amp;eid=ARBCpP8mhUCgvKc3IuZxig5659dfsS6VVFR1UIFdPs3ycLEIwZaqPw87sgZZO_WPWW8BFktgEKAckBic&amp;fref=mentions&amp;__xts__%5B0%5D=68.ARDSSQn0mwQxw_4MbpfUCa5LA9KBSYM0RZlSslOl-doU_0xWkESPq64tzFMQ0mLalukODPtK7sKTdsIfDl8dxYu9PMJDv_4Cn_e_Fxm0679LyR9JSC65dn-vugqoQP__9RmR5A2M3lrgTVOOWlTvEAeFOPaOuZxQc81ocsNGXqlNcG4wlmpC4Xo\">Ceip Ram\u00f3n Hern\u00e1ndez Mart\u00ednez<\/a>&nbsp;queremos dar las gracias:<\/span><\/p>\n<p style=\"text-align: justify\"><span style=\"font-family: 'comic sans ms', sans-serif\">&#8211; Al&nbsp;<a class=\"profileLink\" href=\"https:\/\/www.facebook.com\/pages\/Ayuntamiento-de-Ca%C3%B1ete-de-las-Torres\/1332052703475366?__tn__=K-R&amp;eid=ARAjGgp83LBWlayiFPWbYkPT35tp2IUYNkUw24mKjILfjCeFCIDYkknzPp5heugVqFJXXC5L5HeMp_LY&amp;fref=mentions&amp;__xts__%5B0%5D=68.ARDSSQn0mwQxw_4MbpfUCa5LA9KBSYM0RZlSslOl-doU_0xWkESPq64tzFMQ0mLalukODPtK7sKTdsIfDl8dxYu9PMJDv_4Cn_e_Fxm0679LyR9JSC65dn-vugqoQP__9RmR5A2M3lrgTVOOWlTvEAeFOPaOuZxQc81ocsNGXqlNcG4wlmpC4Xo\">Ayuntamiento de Ca\u00f1ete de las Torres<\/a>&nbsp;(en especial a Victoria C\u00e1rdenas, Manuel Jes\u00fas y Miguel \u00c1ngel) por prestarnos la megafon\u00eda para el acto.<\/span><br \/>\n<span style=\"font-family: 'comic sans ms', sans-serif\">&#8211; A la&nbsp;<a class=\"profileLink\" href=\"https:\/\/www.facebook.com\/ampalastorres.canetedelastorres?__tn__=K-R&amp;eid=ARBnSZQEkfR249T7Z53MStIC3I9-ZaWhvRh8USSXDJJQMET58hsRZYmFHgvPStkCNQOpfX8AEm1rjcu8&amp;fref=mentions&amp;__xts__%5B0%5D=68.ARDSSQn0mwQxw_4MbpfUCa5LA9KBSYM0RZlSslOl-doU_0xWkESPq64tzFMQ0mLalukODPtK7sKTdsIfDl8dxYu9PMJDv_4Cn_e_Fxm0679LyR9JSC65dn-vugqoQP__9RmR5A2M3lrgTVOOWlTvEAeFOPaOuZxQc81ocsNGXqlNcG4wlmpC4Xo\">Ampa Las Torres Ca\u00f1ete De Las Torres<\/a>&nbsp;por ayudar a preparar el acto y por su aportaci\u00f3n econ\u00f3mica para adquirir los lazos.<\/span><br \/>\n<span style=\"font-family: 'comic sans ms', sans-serif\">&#8211; A tod@s l@s que nos han querido acompa\u00f1ar en esta ma\u00f1ana tan fr\u00eda en el parque para mostrar su rechazo a la violencia.<\/span><\/p>\n<p style=\"text-align: justify\"><span style=\"font-family: 'comic sans ms', sans-serif\">Muchas gracias a tod@s!!!!!!!!<\/span><\/p>\nngg_shortcode_0_placeholder\n<\/div>\n","protected":false},"excerpt":{"rendered":"<p>Esta ma\u00f1ana hemos celebrado en el Parque de Andaluc\u00eda el D\u00eda Internacional de la Eliminaci\u00f3n de la Violencia contra la Mujer. El acto ha comenzado con unas palabras de la Directora,&nbsp;Maria Del Campo Velasco Ortega, que ha puesto voz al rechazo que toda la comunidad educativa del&nbsp;Ceip Ram\u00f3n Hern\u00e1ndez Mart\u00ednez&nbsp;tiene hacia cualquier manifestaci\u00f3n de violencia [&hellip;]<\/p>\n","protected":false},"author":5362,"featured_media":6524,"comment_status":"open","ping_status":"closed","sticky":false,"template":"","format":"standard","meta":{"ngg_post_thumbnail":0,"footnotes":""},"categories":[29706,29707,29708,59894,60253,60490,1696,1245318,1245552,1245654,1852,526,1245800,1247054],"tags":[],"aioseo_notices":[],"_links":{"self":[{"href":"https:\/\/blogsaverroes.juntadeandalucia.es\/ceipramonhernandez\/wp-json\/wp\/v2\/posts\/6523"}],"collection":[{"href":"https:\/\/blogsaverroes.juntadeandalucia.es\/ceipramonhernandez\/wp-json\/wp\/v2\/posts"}],"about":[{"href":"https:\/\/blogsaverroes.juntadeandalucia.es\/ceipramonhernandez\/wp-json\/wp\/v2\/types\/post"}],"author":[{"embeddable":true,"href":"https:\/\/blogsaverroes.juntadeandalucia.es\/ceipramonhernandez\/wp-json\/wp\/v2\/users\/5362"}],"replies":[{"embeddable":true,"href":"https:\/\/blogsaverroes.juntadeandalucia.es\/ceipramonhernandez\/wp-json\/wp\/v2\/comments?post=6523"}],"version-history":[{"count":3,"href":"https:\/\/blogsaverroes.juntadeandalucia.es\/ceipramonhernandez\/wp-json\/wp\/v2\/posts\/6523\/revisions"}],"predecessor-version":[{"id":6593,"href":"https:\/\/blogsaverroes.juntadeandalucia.es\/ceipramonhernandez\/wp-json\/wp\/v2\/posts\/6523\/revisions\/6593"}],"wp:featuredmedia":[{"embeddable":true,"href":"https:\/\/blogsaverroes.juntadeandalucia.es\/ceipramonhernandez\/wp-json\/wp\/v2\/media\/6524"}],"wp:attachment":[{"href":"https:\/\/blogsaverroes.juntadeandalucia.es\/ceipramonhernandez\/wp-json\/wp\/v2\/media?parent=6523"}],"wp:term":[{"taxonomy":"category","embeddable":true,"href":"https:\/\/blogsaverroes.juntadeandalucia.es\/ceipramonhernandez\/wp-json\/wp\/v2\/categories?post=6523"},{"taxonomy":"post_tag","embeddable":true,"href":"https:\/\/blogsaverroes.juntadeandalucia.es\/ceipramonhernandez\/wp-json\/wp\/v2\/tags?post=6523"}],"curies":[{"name":"wp","href":"https:\/\/api.w.org\/{rel}","templated":true}]}}