{"id":7239,"date":"2018-12-11T18:34:57","date_gmt":"2018-12-11T17:34:57","guid":{"rendered":"https:\/\/blogsaverroes.juntadeandalucia.es\/ceipramonhernandez\/?p=7239"},"modified":"2018-12-11T18:34:57","modified_gmt":"2018-12-11T17:34:57","slug":"ruta-de-senderismo","status":"publish","type":"post","link":"https:\/\/blogsaverroes.juntadeandalucia.es\/ceipramonhernandez\/ruta-de-senderismo\/","title":{"rendered":"Ruta de senderismo"},"content":{"rendered":"<div class=\"\">\n<div class=\"_1mf _1mj\" style=\"text-align: justify\"><span style=\"font-family: 'comic sans ms', sans-serif\">Desde el <span class=\"_247o\">Ceip Ram\u00f3n Hern\u00e1ndez Mart\u00ednez<\/span> queremos invitaros y animaros a participar en esta actividad que la <span class=\"_247o\">Ampa Las Torres Ca\u00f1ete De Las Torres<\/span> est\u00e1 organizando para el s\u00e1bado que viene. No falt\u00e9is!!!!!!<\/span><\/div>\n<\/div>\n<div class=\"\" style=\"text-align: justify\">\n<div class=\"_1mf _1mj\"><span style=\"font-family: 'comic sans ms', sans-serif\">&nbsp;<\/span><\/div>\n<\/div>\n<div class=\"\">\n<div class=\"_1mf _1mj\" style=\"text-align: justify\"><span style=\"font-family: 'comic sans ms', sans-serif\">Se ruega difusi\u00f3n<\/span><\/div>\n<\/div>\n<div>&nbsp;<\/div>\n<div style=\"text-align: center\"><a href=\"https:\/\/blogsaverroes.juntadeandalucia.es\/ceipramonhernandez\/files\/2018\/12\/WhatsApp-Image-2018-12-11-at-18.10.52.jpeg\" target=\"_blank\" rel=\"noopener\"><img loading=\"lazy\" decoding=\"async\" class=\"aligncenter wp-image-7240 size-medium\" title=\"Pinchar para ampliar\" src=\"https:\/\/blogsaverroes.juntadeandalucia.es\/ceipramonhernandez\/files\/2018\/12\/WhatsApp-Image-2018-12-11-at-18.10.52-300x168.jpeg\" alt=\"\" width=\"300\" height=\"168\" srcset=\"https:\/\/blogsaverroes.juntadeandalucia.es\/ceipramonhernandez\/files\/2018\/12\/WhatsApp-Image-2018-12-11-at-18.10.52-300x168.jpeg 300w, https:\/\/blogsaverroes.juntadeandalucia.es\/ceipramonhernandez\/files\/2018\/12\/WhatsApp-Image-2018-12-11-at-18.10.52-768x429.jpeg 768w, https:\/\/blogsaverroes.juntadeandalucia.es\/ceipramonhernandez\/files\/2018\/12\/WhatsApp-Image-2018-12-11-at-18.10.52-1024x572.jpeg 1024w, https:\/\/blogsaverroes.juntadeandalucia.es\/ceipramonhernandez\/files\/2018\/12\/WhatsApp-Image-2018-12-11-at-18.10.52-24x13.jpeg 24w, https:\/\/blogsaverroes.juntadeandalucia.es\/ceipramonhernandez\/files\/2018\/12\/WhatsApp-Image-2018-12-11-at-18.10.52-36x20.jpeg 36w, https:\/\/blogsaverroes.juntadeandalucia.es\/ceipramonhernandez\/files\/2018\/12\/WhatsApp-Image-2018-12-11-at-18.10.52-48x27.jpeg 48w, https:\/\/blogsaverroes.juntadeandalucia.es\/ceipramonhernandez\/files\/2018\/12\/WhatsApp-Image-2018-12-11-at-18.10.52-400x223.jpeg 400w, https:\/\/blogsaverroes.juntadeandalucia.es\/ceipramonhernandez\/files\/2018\/12\/WhatsApp-Image-2018-12-11-at-18.10.52.jpeg 1035w\" sizes=\"(max-width: 300px) 100vw, 300px\" \/><\/a><\/div>\n","protected":false},"excerpt":{"rendered":"<p>Desde el Ceip Ram\u00f3n Hern\u00e1ndez Mart\u00ednez queremos invitaros y animaros a participar en esta actividad que la Ampa Las Torres Ca\u00f1ete De Las Torres est\u00e1 organizando para el s\u00e1bado que viene. No falt\u00e9is!!!!!! &nbsp; Se ruega difusi\u00f3n &nbsp;<\/p>\n","protected":false},"author":5362,"featured_media":7240,"comment_status":"open","ping_status":"closed","sticky":false,"template":"","format":"standard","meta":{"ngg_post_thumbnail":0,"footnotes":""},"categories":[29706,29707,29708,59894,60253,60490,1696,1245318,1245552,1245654,1852,526,1245800,1247054],"tags":[],"aioseo_notices":[],"_links":{"self":[{"href":"https:\/\/blogsaverroes.juntadeandalucia.es\/ceipramonhernandez\/wp-json\/wp\/v2\/posts\/7239"}],"collection":[{"href":"https:\/\/blogsaverroes.juntadeandalucia.es\/ceipramonhernandez\/wp-json\/wp\/v2\/posts"}],"about":[{"href":"https:\/\/blogsaverroes.juntadeandalucia.es\/ceipramonhernandez\/wp-json\/wp\/v2\/types\/post"}],"author":[{"embeddable":true,"href":"https:\/\/blogsaverroes.juntadeandalucia.es\/ceipramonhernandez\/wp-json\/wp\/v2\/users\/5362"}],"replies":[{"embeddable":true,"href":"https:\/\/blogsaverroes.juntadeandalucia.es\/ceipramonhernandez\/wp-json\/wp\/v2\/comments?post=7239"}],"version-history":[{"count":1,"href":"https:\/\/blogsaverroes.juntadeandalucia.es\/ceipramonhernandez\/wp-json\/wp\/v2\/posts\/7239\/revisions"}],"predecessor-version":[{"id":7241,"href":"https:\/\/blogsaverroes.juntadeandalucia.es\/ceipramonhernandez\/wp-json\/wp\/v2\/posts\/7239\/revisions\/7241"}],"wp:featuredmedia":[{"embeddable":true,"href":"https:\/\/blogsaverroes.juntadeandalucia.es\/ceipramonhernandez\/wp-json\/wp\/v2\/media\/7240"}],"wp:attachment":[{"href":"https:\/\/blogsaverroes.juntadeandalucia.es\/ceipramonhernandez\/wp-json\/wp\/v2\/media?parent=7239"}],"wp:term":[{"taxonomy":"category","embeddable":true,"href":"https:\/\/blogsaverroes.juntadeandalucia.es\/ceipramonhernandez\/wp-json\/wp\/v2\/categories?post=7239"},{"taxonomy":"post_tag","embeddable":true,"href":"https:\/\/blogsaverroes.juntadeandalucia.es\/ceipramonhernandez\/wp-json\/wp\/v2\/tags?post=7239"}],"curies":[{"name":"wp","href":"https:\/\/api.w.org\/{rel}","templated":true}]}}