{"id":7615,"date":"2018-12-20T18:04:52","date_gmt":"2018-12-20T17:04:52","guid":{"rendered":"https:\/\/blogsaverroes.juntadeandalucia.es\/ceipramonhernandez\/?p=7615"},"modified":"2018-12-20T18:14:12","modified_gmt":"2018-12-20T17:14:12","slug":"fiesta-de-navidad-2018","status":"publish","type":"post","link":"https:\/\/blogsaverroes.juntadeandalucia.es\/ceipramonhernandez\/fiesta-de-navidad-2018\/","title":{"rendered":"Fiesta de Navidad 2018"},"content":{"rendered":"<div class=\"\">\n<div class=\"_1mf _1mj\" style=\"text-align: justify\"><span style=\"font-family: 'comic sans ms', sans-serif\">Esta ma\u00f1ana hemos celebrado la fiesta de Navidad, con actuaciones de tod@s l@s ni\u00f1@s del colegio, desde los peque\u00f1ines de infantil de 3 a\u00f1os hasta los mayores de 6\u00ba de primaria.<\/span><\/div>\n<\/div>\n<div class=\"\" style=\"text-align: justify\">\n<div class=\"_1mf _1mj\"><span style=\"font-family: 'comic sans ms', sans-serif\">&nbsp;<\/span><\/div>\n<\/div>\n<div class=\"\" style=\"text-align: justify\">\n<div class=\"_1mf _1mj\"><span style=\"font-family: 'comic sans ms', sans-serif\">La fiesta ha quedado muy completa porque adem\u00e1s de las actuaciones hemos entregado los premios trimestrales del Programa Creciendo en Salud y los premios del Concurso de Tarjetas Navide\u00f1as que se fall\u00f3 el lunes por la tarde.<\/span><\/div>\n<\/div>\n<div class=\"\" style=\"text-align: justify\">\n<div class=\"_1mf _1mj\"><span style=\"font-family: 'comic sans ms', sans-serif\">&nbsp;<\/span><\/div>\n<\/div>\n<div class=\"\" style=\"text-align: justify\">\n<div class=\"_1mf _1mj\"><span style=\"font-family: 'comic sans ms', sans-serif\">Desde el cole queremos dar las gracias:<\/span><\/div>\n<\/div>\n<div class=\"\" style=\"text-align: justify\">\n<div class=\"_1mf _1mj\"><span style=\"font-family: 'comic sans ms', sans-serif\">&#8211; a Jose Luis Castro Caravaca y <span class=\"_247o\">Chari Moyano Torralbo<\/span> por hacer de jurado en el XXXI concurso de Tarjetas Navide\u00f1as<\/span><\/div>\n<\/div>\n<div class=\"\" style=\"text-align: justify\">\n<div class=\"_1mf _1mj\"><span style=\"font-family: 'comic sans ms', sans-serif\">&#8211; a la Caja Rural por prestarnos, como siempre y de manera desinteresada, su sal\u00f3n de actos para poder realizar la actuaci\u00f3n, y en especial a <span class=\"_247o\">Jose Antonio Parras Borrego<\/span> que ha salvado la fiesta con su r\u00e1pida intervenci\u00f3n prest\u00e1ndonos un proyector para solventar las dificultades t\u00e9cnicas que hab\u00edan surgido<\/span><\/div>\n<\/div>\n<div class=\"\" style=\"text-align: justify\">\n<div class=\"_1mf _1mj\"><span style=\"font-family: 'comic sans ms', sans-serif\">&#8211; al Ayuntamiento de Ca\u00f1ete de las Torres por patrocinar y colaborar en los premios del XXXI certamen de tarjetas navide\u00f1as y en especial a su Alcalde, <span class=\"_247o\">Felix Romero Carrillo<\/span> por encontrar un hueco en su agenda para acercarse a la entrega de premios<\/span><\/div>\n<\/div>\n<div class=\"\" style=\"text-align: justify\">\n<div class=\"_1mf _1mj\"><span style=\"font-family: 'comic sans ms', sans-serif\">&#8211; a las madres y padres que han ayudado a decorar y\/o recoger el sal\u00f3n de actos<\/span><\/div>\n<\/div>\n<div class=\"\" style=\"text-align: justify\">\n<div class=\"_1mf _1mj\"><span style=\"font-family: 'comic sans ms', sans-serif\">&#8211; a las tutoras, por su trabajo, entrega y dedicaci\u00f3n, sacando horas de donde no las hay para preparar las actuaciones de hoy<\/span><\/div>\n<\/div>\n<div class=\"\" style=\"text-align: justify\">\n<div class=\"_1mf _1mj\"><span style=\"font-family: 'comic sans ms', sans-serif\">&#8211; a tod@s l@s miembr@s de la comunidad educativa que han podido y querido pasar la ma\u00f1ana con nosotr@s disfrutando de l@s ni\u00f1@s<\/span><\/div>\n<\/div>\n<div class=\"\" style=\"text-align: justify\">\n<div class=\"_1mf _1mj\"><span style=\"font-family: 'comic sans ms', sans-serif\">&nbsp;<\/span><\/div>\n<\/div>\n<div class=\"\" style=\"text-align: justify\">\n<div class=\"_1mf _1mj\"><span style=\"font-family: 'comic sans ms', sans-serif\">A tod@s, MUCH\u00cd\u00cd\u00cd\u00cd\u00cd\u00cd\u00cdSIMAS GRACIAS un a\u00f1o m\u00e1s<\/span><\/div>\n<\/div>\n<div class=\"\" style=\"text-align: justify\">\n<div class=\"_1mf _1mj\"><span style=\"font-family: 'comic sans ms', sans-serif\">&nbsp;<\/span><\/div>\n<\/div>\n<div class=\"\">\n<div class=\"_1mf _1mj\" style=\"text-align: justify\"><span style=\"font-family: 'comic sans ms', sans-serif\">No queremos finalizar sin pedir disculpas por los problemas t\u00e9cnicos que nos hemos encontrado a la hora de proyectar los ganadores de los diferentes concursos y los cambios realizados \u201csobre la marcha\u201d en el programa por causas de fuerza mayor. Lo sentimos e intentaremos hacerlo mejor el a\u00f1o pr\u00f3ximo<\/span><\/div>\n<\/div>\nngg_shortcode_0_placeholder\n","protected":false},"excerpt":{"rendered":"<p>Esta ma\u00f1ana hemos celebrado la fiesta de Navidad, con actuaciones de tod@s l@s ni\u00f1@s del colegio, desde los peque\u00f1ines de infantil de 3 a\u00f1os hasta los mayores de 6\u00ba de primaria. &nbsp; La fiesta ha quedado muy completa porque adem\u00e1s de las actuaciones hemos entregado los premios trimestrales del Programa Creciendo en Salud y los [&hellip;]<\/p>\n","protected":false},"author":5362,"featured_media":7770,"comment_status":"open","ping_status":"closed","sticky":false,"template":"","format":"standard","meta":{"ngg_post_thumbnail":0,"footnotes":""},"categories":[29706,29707,29708,59894,60253,60490,1245318,1245552,1245654,1852,526,1245800,1247054],"tags":[],"aioseo_notices":[],"_links":{"self":[{"href":"https:\/\/blogsaverroes.juntadeandalucia.es\/ceipramonhernandez\/wp-json\/wp\/v2\/posts\/7615"}],"collection":[{"href":"https:\/\/blogsaverroes.juntadeandalucia.es\/ceipramonhernandez\/wp-json\/wp\/v2\/posts"}],"about":[{"href":"https:\/\/blogsaverroes.juntadeandalucia.es\/ceipramonhernandez\/wp-json\/wp\/v2\/types\/post"}],"author":[{"embeddable":true,"href":"https:\/\/blogsaverroes.juntadeandalucia.es\/ceipramonhernandez\/wp-json\/wp\/v2\/users\/5362"}],"replies":[{"embeddable":true,"href":"https:\/\/blogsaverroes.juntadeandalucia.es\/ceipramonhernandez\/wp-json\/wp\/v2\/comments?post=7615"}],"version-history":[{"count":3,"href":"https:\/\/blogsaverroes.juntadeandalucia.es\/ceipramonhernandez\/wp-json\/wp\/v2\/posts\/7615\/revisions"}],"predecessor-version":[{"id":7773,"href":"https:\/\/blogsaverroes.juntadeandalucia.es\/ceipramonhernandez\/wp-json\/wp\/v2\/posts\/7615\/revisions\/7773"}],"wp:featuredmedia":[{"embeddable":true,"href":"https:\/\/blogsaverroes.juntadeandalucia.es\/ceipramonhernandez\/wp-json\/wp\/v2\/media\/7770"}],"wp:attachment":[{"href":"https:\/\/blogsaverroes.juntadeandalucia.es\/ceipramonhernandez\/wp-json\/wp\/v2\/media?parent=7615"}],"wp:term":[{"taxonomy":"category","embeddable":true,"href":"https:\/\/blogsaverroes.juntadeandalucia.es\/ceipramonhernandez\/wp-json\/wp\/v2\/categories?post=7615"},{"taxonomy":"post_tag","embeddable":true,"href":"https:\/\/blogsaverroes.juntadeandalucia.es\/ceipramonhernandez\/wp-json\/wp\/v2\/tags?post=7615"}],"curies":[{"name":"wp","href":"https:\/\/api.w.org\/{rel}","templated":true}]}}