{"id":9364,"date":"2019-04-11T19:19:10","date_gmt":"2019-04-11T18:19:10","guid":{"rendered":"https:\/\/blogsaverroes.juntadeandalucia.es\/ceipramonhernandez\/?p=9364"},"modified":"2019-04-11T19:19:10","modified_gmt":"2019-04-11T18:19:10","slug":"cuentacuentos-dia-de-la-mujer","status":"publish","type":"post","link":"https:\/\/blogsaverroes.juntadeandalucia.es\/ceipramonhernandez\/cuentacuentos-dia-de-la-mujer\/","title":{"rendered":"Cuentacuentos d\u00eda de la mujer"},"content":{"rendered":"<p style=\"text-align: justify\"><span style=\"font-family: 'comic sans ms', sans-serif\">Esta ma\u00f1ana, despu\u00e9s del recreo, l@s alumn@s de 3<sup>er<\/sup> ciclo del cole han pasado por el resto de clases (desde infantil hasta 2\u00ba ciclo) para leer a sus compa\u00f1er@s unos cuentos que hab\u00edan preparado para conmemorar el d\u00eda internacional de la mujer y que por diferentes circunstancias se ha ido posponiendo hasta hoy.<\/span><\/p>\n<p style=\"text-align: justify\"><span style=\"font-family: 'comic sans ms', sans-serif\">Los cuentos elegidos han sido cl\u00e1sicos conocidos por tod@s en los que han cambiado los papeles y roles masculinos por femeninos, por ejemplo, Caperucito Rojo o Las tres cerditas.&nbsp;<\/span><span style=\"font-family: 'comic sans ms', sans-serif\">Ha quedado una actividad muy chula de la cual os dejamos aqu\u00ed las fotos.<\/span><\/p>\nngg_shortcode_0_placeholder\n<p>&nbsp;<\/p>\n","protected":false},"excerpt":{"rendered":"<p>Esta ma\u00f1ana, despu\u00e9s del recreo, l@s alumn@s de 3er ciclo del cole han pasado por el resto de clases (desde infantil hasta 2\u00ba ciclo) para leer a sus compa\u00f1er@s unos cuentos que hab\u00edan preparado para conmemorar el d\u00eda internacional de la mujer y que por diferentes circunstancias se ha ido posponiendo hasta hoy. Los cuentos [&hellip;]<\/p>\n","protected":false},"author":5362,"featured_media":9469,"comment_status":"open","ping_status":"closed","sticky":false,"template":"","format":"standard","meta":{"ngg_post_thumbnail":0,"footnotes":""},"categories":[29706,29707,29708,59894,60253,60490,1245318,1245552,1245654,1852,526,1245800,1247054],"tags":[],"aioseo_notices":[],"_links":{"self":[{"href":"https:\/\/blogsaverroes.juntadeandalucia.es\/ceipramonhernandez\/wp-json\/wp\/v2\/posts\/9364"}],"collection":[{"href":"https:\/\/blogsaverroes.juntadeandalucia.es\/ceipramonhernandez\/wp-json\/wp\/v2\/posts"}],"about":[{"href":"https:\/\/blogsaverroes.juntadeandalucia.es\/ceipramonhernandez\/wp-json\/wp\/v2\/types\/post"}],"author":[{"embeddable":true,"href":"https:\/\/blogsaverroes.juntadeandalucia.es\/ceipramonhernandez\/wp-json\/wp\/v2\/users\/5362"}],"replies":[{"embeddable":true,"href":"https:\/\/blogsaverroes.juntadeandalucia.es\/ceipramonhernandez\/wp-json\/wp\/v2\/comments?post=9364"}],"version-history":[{"count":1,"href":"https:\/\/blogsaverroes.juntadeandalucia.es\/ceipramonhernandez\/wp-json\/wp\/v2\/posts\/9364\/revisions"}],"predecessor-version":[{"id":9470,"href":"https:\/\/blogsaverroes.juntadeandalucia.es\/ceipramonhernandez\/wp-json\/wp\/v2\/posts\/9364\/revisions\/9470"}],"wp:featuredmedia":[{"embeddable":true,"href":"https:\/\/blogsaverroes.juntadeandalucia.es\/ceipramonhernandez\/wp-json\/wp\/v2\/media\/9469"}],"wp:attachment":[{"href":"https:\/\/blogsaverroes.juntadeandalucia.es\/ceipramonhernandez\/wp-json\/wp\/v2\/media?parent=9364"}],"wp:term":[{"taxonomy":"category","embeddable":true,"href":"https:\/\/blogsaverroes.juntadeandalucia.es\/ceipramonhernandez\/wp-json\/wp\/v2\/categories?post=9364"},{"taxonomy":"post_tag","embeddable":true,"href":"https:\/\/blogsaverroes.juntadeandalucia.es\/ceipramonhernandez\/wp-json\/wp\/v2\/tags?post=9364"}],"curies":[{"name":"wp","href":"https:\/\/api.w.org\/{rel}","templated":true}]}}