{"id":1418,"date":"2024-03-24T09:50:41","date_gmt":"2024-03-24T08:50:41","guid":{"rendered":"https:\/\/blogsaverroes.juntadeandalucia.es\/ceipramonycajal\/?p=1418"},"modified":"2024-06-19T09:57:27","modified_gmt":"2024-06-19T08:57:27","slug":"gloria-caballero","status":"publish","type":"post","link":"https:\/\/blogsaverroes.juntadeandalucia.es\/ceipramonycajal\/gloria-caballero\/","title":{"rendered":"GLORIA CABALLERO"},"content":{"rendered":"<p>En nuestra Semana Cultural, para conmemorar el D\u00cdA DEL LIBRO, realizamos con todo el centro unas tutor\u00edas verticales. Nos mezclamos en las clases compa\u00f1eros de todos los cursos, de manera que en cada tutor\u00eda hab\u00eda ni\u00f1os y ni\u00f1as desde infantil hasta 6\u00ba de Primaria. Juntos estuvimos buscando informaci\u00f3n de una persona que fuese importante para nuestro pueblo y as\u00ed estuvimos investigando sobre, Gloria Caballero, una persona conocida por todos y muy relaciona con los libros. Finalizamos este d\u00eda invitando por sorpresa a Gloria a nuestro centro para contarle todo lo que hab\u00edamos aprendido de ella.<\/p>\nngg_shortcode_0_placeholder\n<!--themify_builder_content-->\n<div id=\"themify_builder_content-1418\" data-postid=\"1418\" class=\"themify_builder_content themify_builder_content-1418 themify_builder tf_clear\">\n    <\/div>\n<!--\/themify_builder_content-->\n","protected":false},"excerpt":{"rendered":"<p>En nuestra Semana Cultural, para conmemorar el D\u00cdA DEL LIBRO, realizamos con todo el centro unas tutor\u00edas verticales. Nos mezclamos en las clases compa\u00f1eros de todos los cursos, de manera que en cada tutor\u00eda hab\u00eda ni\u00f1os y ni\u00f1as desde infantil hasta 6\u00ba de Primaria. Juntos estuvimos buscando informaci\u00f3n de una persona que fuese importante para [&hellip;]<\/p>\n","protected":false},"author":19713,"featured_media":0,"comment_status":"closed","ping_status":"closed","sticky":false,"template":"","format":"standard","meta":{"ngg_post_thumbnail":0,"footnotes":""},"categories":[16,23,24,25,26,3,4,27,28],"tags":[],"aioseo_notices":[],"_links":{"self":[{"href":"https:\/\/blogsaverroes.juntadeandalucia.es\/ceipramonycajal\/wp-json\/wp\/v2\/posts\/1418"}],"collection":[{"href":"https:\/\/blogsaverroes.juntadeandalucia.es\/ceipramonycajal\/wp-json\/wp\/v2\/posts"}],"about":[{"href":"https:\/\/blogsaverroes.juntadeandalucia.es\/ceipramonycajal\/wp-json\/wp\/v2\/types\/post"}],"author":[{"embeddable":true,"href":"https:\/\/blogsaverroes.juntadeandalucia.es\/ceipramonycajal\/wp-json\/wp\/v2\/users\/19713"}],"replies":[{"embeddable":true,"href":"https:\/\/blogsaverroes.juntadeandalucia.es\/ceipramonycajal\/wp-json\/wp\/v2\/comments?post=1418"}],"version-history":[{"count":3,"href":"https:\/\/blogsaverroes.juntadeandalucia.es\/ceipramonycajal\/wp-json\/wp\/v2\/posts\/1418\/revisions"}],"predecessor-version":[{"id":1421,"href":"https:\/\/blogsaverroes.juntadeandalucia.es\/ceipramonycajal\/wp-json\/wp\/v2\/posts\/1418\/revisions\/1421"}],"wp:attachment":[{"href":"https:\/\/blogsaverroes.juntadeandalucia.es\/ceipramonycajal\/wp-json\/wp\/v2\/media?parent=1418"}],"wp:term":[{"taxonomy":"category","embeddable":true,"href":"https:\/\/blogsaverroes.juntadeandalucia.es\/ceipramonycajal\/wp-json\/wp\/v2\/categories?post=1418"},{"taxonomy":"post_tag","embeddable":true,"href":"https:\/\/blogsaverroes.juntadeandalucia.es\/ceipramonycajal\/wp-json\/wp\/v2\/tags?post=1418"}],"curies":[{"name":"wp","href":"https:\/\/api.w.org\/{rel}","templated":true}]}}