{"id":1848,"date":"2024-11-08T22:37:32","date_gmt":"2024-11-08T21:37:32","guid":{"rendered":"https:\/\/blogsaverroes.juntadeandalucia.es\/ceipramonycajal\/?p=1848"},"modified":"2024-11-18T19:23:27","modified_gmt":"2024-11-18T18:23:27","slug":"el-libro-del-mes","status":"publish","type":"post","link":"https:\/\/blogsaverroes.juntadeandalucia.es\/ceipramonycajal\/el-libro-del-mes\/","title":{"rendered":"EL LIBRO DEL MES"},"content":{"rendered":"<p><span style=\"font-size: large\">El <\/span><strong><span style=\"font-size: large\">25 de noviembre<\/span><\/strong><span style=\"font-size: large\"> se celebra el <\/span><strong><span style=\"color: #ff00ff\"><span style=\"font-size: large\">D\u00eda Contra la Violencia de G\u00e9nero<\/span><\/span><\/strong><span style=\"font-size: large\"> y desde el equipo de biblioteca queremos dedicar la recomendaci\u00f3n literaria mensual a esta efem\u00e9rides.<\/span><\/p>\n<p><span style=\"font-size: large\">Para el mes de <\/span><strong><span style=\"font-size: large\">NOVIEMBRE<\/span><\/strong><span style=\"font-size: large\"> recomendamos\u2026<\/span><\/p>\n<p><strong><span style=\"font-size: large\">&#8211; Educaci\u00f3n Infantil: <\/span><\/strong><em><span style=\"font-size: large\">\u201cRosa Caramelo\u201d<\/span><\/em><span style=\"font-size: large\"> un tierna historia de la escritora Adela Tur\u00edn en la que unas elefantitas rosas quieren cambiar su aburrida rutina de estar limpitas y quietecitas para divertirse igual que lo hacen sus hermanos.<\/span><\/p>\n<p><strong><span style=\"font-size: large\">&#8211; 1\u00ba Ciclo: <\/span><\/strong><em><span style=\"font-size: large\">\u201c\u00bfHay algo m\u00e1s aburrido que ser una princesa rosa?\u201d<\/span><\/em><span style=\"font-size: large\"> Esto se pregunta cada d\u00eda la protagonista de esta historia, que ya est\u00e1 cansada de ser una princesa rosa. Carlota quiere ser una ni\u00f1a que vista de muchos colores y quiere jugar, saltar y viajar como cualquier otro ni\u00f1o.<\/span><\/p>\n<p><strong><span style=\"font-size: large\">&#8211; 2\u00ba Ciclo: <\/span><\/strong><em><span style=\"font-size: large\">\u201cErase dos veces&#8230;La Bella y La Bestia\u201d. <\/span><\/em><span style=\"font-size: large\">Una interesante versi\u00f3n del cl\u00e1sico \u201cLa Bella y La Bestia&#8221;, donde Bella es libre para decidir lo que quiere hacer y nos recuerda que la verdadera belleza est\u00e1 en el interior.<\/span><\/p>\n<p><strong><span style=\"font-size: large\">&#8211; 3\u00ba Ciclo: <\/span><\/strong><em><span style=\"font-size: large\">\u201cUna princesa que se salv\u00f3 sola\u201d.<\/span><\/em><span style=\"font-size: large\"> Una recopilaci\u00f3n de relatos en los que las chicas se salvan solas y los chicos no tienen miedo a pedir ayuda.<\/span><\/p>\n<p><span style=\"font-size: large\">Estos t\u00edtulos est\u00e1n a disposici\u00f3n de profesores y alumnos en el <span style=\"color: #ff00ff\">Rinc\u00f3n Violeta<\/span> de Nuestra Biblioteca.<\/span><\/p>\n<p>&nbsp;<\/p>\n<p><img loading=\"lazy\" decoding=\"async\" class=\"size-large wp-image-1847 aligncenter\" src=\"https:\/\/blogsaverroes.juntadeandalucia.es\/ceipramonycajal\/files\/2024\/11\/Red-and-Yellow-Illustrative-Sale-and-Discount-Instagram-Story-2_page-0001-576x1024.jpg\" alt=\"\" width=\"576\" height=\"1024\" srcset=\"https:\/\/blogsaverroes.juntadeandalucia.es\/ceipramonycajal\/files\/2024\/11\/Red-and-Yellow-Illustrative-Sale-and-Discount-Instagram-Story-2_page-0001-576x1024.jpg 576w, https:\/\/blogsaverroes.juntadeandalucia.es\/ceipramonycajal\/files\/2024\/11\/Red-and-Yellow-Illustrative-Sale-and-Discount-Instagram-Story-2_page-0001-169x300.jpg 169w, https:\/\/blogsaverroes.juntadeandalucia.es\/ceipramonycajal\/files\/2024\/11\/Red-and-Yellow-Illustrative-Sale-and-Discount-Instagram-Story-2_page-0001-768x1365.jpg 768w, https:\/\/blogsaverroes.juntadeandalucia.es\/ceipramonycajal\/files\/2024\/11\/Red-and-Yellow-Illustrative-Sale-and-Discount-Instagram-Story-2_page-0001-864x1536.jpg 864w, https:\/\/blogsaverroes.juntadeandalucia.es\/ceipramonycajal\/files\/2024\/11\/Red-and-Yellow-Illustrative-Sale-and-Discount-Instagram-Story-2_page-0001-1152x2048.jpg 1152w, https:\/\/blogsaverroes.juntadeandalucia.es\/ceipramonycajal\/files\/2024\/11\/Red-and-Yellow-Illustrative-Sale-and-Discount-Instagram-Story-2_page-0001-scaled.jpg 1440w\" sizes=\"(max-width: 576px) 100vw, 576px\" \/><\/p>\n<p><img loading=\"lazy\" decoding=\"async\" class=\"aligncenter size-large wp-image-1849\" src=\"https:\/\/blogsaverroes.juntadeandalucia.es\/ceipramonycajal\/files\/2024\/11\/INFAN-1_page-00011-724x1024.jpg\" alt=\"\" width=\"724\" height=\"1024\" srcset=\"https:\/\/blogsaverroes.juntadeandalucia.es\/ceipramonycajal\/files\/2024\/11\/INFAN-1_page-00011-724x1024.jpg 724w, https:\/\/blogsaverroes.juntadeandalucia.es\/ceipramonycajal\/files\/2024\/11\/INFAN-1_page-00011-212x300.jpg 212w, https:\/\/blogsaverroes.juntadeandalucia.es\/ceipramonycajal\/files\/2024\/11\/INFAN-1_page-00011-768x1086.jpg 768w, https:\/\/blogsaverroes.juntadeandalucia.es\/ceipramonycajal\/files\/2024\/11\/INFAN-1_page-00011-1086x1536.jpg 1086w, https:\/\/blogsaverroes.juntadeandalucia.es\/ceipramonycajal\/files\/2024\/11\/INFAN-1_page-00011-1448x2048.jpg 1448w, https:\/\/blogsaverroes.juntadeandalucia.es\/ceipramonycajal\/files\/2024\/11\/INFAN-1_page-00011-scaled.jpg 1810w\" sizes=\"(max-width: 724px) 100vw, 724px\" \/><\/p>\n<!--themify_builder_content-->\n<div id=\"themify_builder_content-1848\" data-postid=\"1848\" class=\"themify_builder_content themify_builder_content-1848 themify_builder tf_clear\">\n    <\/div>\n<!--\/themify_builder_content-->\n","protected":false},"excerpt":{"rendered":"<p>El 25 de noviembre se celebra el D\u00eda Contra la Violencia de G\u00e9nero y desde el equipo de biblioteca queremos dedicar la recomendaci\u00f3n literaria mensual a esta efem\u00e9rides. Para el mes de NOVIEMBRE recomendamos\u2026 &#8211; Educaci\u00f3n Infantil: \u201cRosa Caramelo\u201d un tierna historia de la escritora Adela Tur\u00edn en la que unas elefantitas rosas quieren cambiar [&hellip;]<\/p>\n","protected":false},"author":18798,"featured_media":1891,"comment_status":"closed","ping_status":"closed","sticky":false,"template":"","format":"standard","meta":{"ngg_post_thumbnail":0,"footnotes":""},"categories":[30,3,28],"tags":[],"aioseo_notices":[],"_links":{"self":[{"href":"https:\/\/blogsaverroes.juntadeandalucia.es\/ceipramonycajal\/wp-json\/wp\/v2\/posts\/1848"}],"collection":[{"href":"https:\/\/blogsaverroes.juntadeandalucia.es\/ceipramonycajal\/wp-json\/wp\/v2\/posts"}],"about":[{"href":"https:\/\/blogsaverroes.juntadeandalucia.es\/ceipramonycajal\/wp-json\/wp\/v2\/types\/post"}],"author":[{"embeddable":true,"href":"https:\/\/blogsaverroes.juntadeandalucia.es\/ceipramonycajal\/wp-json\/wp\/v2\/users\/18798"}],"replies":[{"embeddable":true,"href":"https:\/\/blogsaverroes.juntadeandalucia.es\/ceipramonycajal\/wp-json\/wp\/v2\/comments?post=1848"}],"version-history":[{"count":7,"href":"https:\/\/blogsaverroes.juntadeandalucia.es\/ceipramonycajal\/wp-json\/wp\/v2\/posts\/1848\/revisions"}],"predecessor-version":[{"id":1892,"href":"https:\/\/blogsaverroes.juntadeandalucia.es\/ceipramonycajal\/wp-json\/wp\/v2\/posts\/1848\/revisions\/1892"}],"wp:featuredmedia":[{"embeddable":true,"href":"https:\/\/blogsaverroes.juntadeandalucia.es\/ceipramonycajal\/wp-json\/wp\/v2\/media\/1891"}],"wp:attachment":[{"href":"https:\/\/blogsaverroes.juntadeandalucia.es\/ceipramonycajal\/wp-json\/wp\/v2\/media?parent=1848"}],"wp:term":[{"taxonomy":"category","embeddable":true,"href":"https:\/\/blogsaverroes.juntadeandalucia.es\/ceipramonycajal\/wp-json\/wp\/v2\/categories?post=1848"},{"taxonomy":"post_tag","embeddable":true,"href":"https:\/\/blogsaverroes.juntadeandalucia.es\/ceipramonycajal\/wp-json\/wp\/v2\/tags?post=1848"}],"curies":[{"name":"wp","href":"https:\/\/api.w.org\/{rel}","templated":true}]}}