{"id":1857,"date":"2024-11-14T18:48:47","date_gmt":"2024-11-14T17:48:47","guid":{"rendered":"https:\/\/blogsaverroes.juntadeandalucia.es\/ceipramonycajal\/?p=1857"},"modified":"2024-11-18T19:22:54","modified_gmt":"2024-11-18T18:22:54","slug":"teatro-de-igualdad","status":"publish","type":"post","link":"https:\/\/blogsaverroes.juntadeandalucia.es\/ceipramonycajal\/teatro-de-igualdad\/","title":{"rendered":"TEATRO DE IGUALDAD"},"content":{"rendered":"<p style=\"text-align: center\"><span style=\"color: #d113f2\"><strong><span style=\"font-family: comic sans ms, sans-serif;font-size: 24pt\">&#8220;YANIRA CUENTA LA TIRA&#8221;<\/span><\/strong><\/span><\/p>\n<p>&nbsp;<\/p>\n<p>&nbsp;<\/p>\n<p><img loading=\"lazy\" decoding=\"async\" class=\"aligncenter size-full wp-image-1858\" src=\"https:\/\/blogsaverroes.juntadeandalucia.es\/ceipramonycajal\/files\/2024\/11\/IMG_9748.jpg\" alt=\"\" width=\"640\" height=\"637\" srcset=\"https:\/\/blogsaverroes.juntadeandalucia.es\/ceipramonycajal\/files\/2024\/11\/IMG_9748.jpg 640w, https:\/\/blogsaverroes.juntadeandalucia.es\/ceipramonycajal\/files\/2024\/11\/IMG_9748-300x300.jpg 300w, https:\/\/blogsaverroes.juntadeandalucia.es\/ceipramonycajal\/files\/2024\/11\/IMG_9748-150x150.jpg 150w\" sizes=\"(max-width: 640px) 100vw, 640px\" \/><\/p>\n<p>&nbsp;<\/p>\n<p><span style=\"font-size: 14pt\">El alumnado de <b>1\u00ba ciclo de Primaria<\/b> ha recibido en la ma\u00f1ana de hoy la visita de la prestigiosa <i>Doctora Teka Biblioteca<\/i> (experta en igualdad), que nos ha recordado lo importante que es leer cuentos.<\/span><\/p>\n<p><span style=\"font-size: 14pt\">Con la ayuda de los becarios <i>Yanira <\/i>y <i>Bartolo<\/i> hemos disfrutado de tres historias donde el cari\u00f1o, el respeto, la igualdad y la importancia de compartir las tareas dom\u00e9sticas han sido los temas principales.&nbsp;<\/span><\/p>\n<p><span style=\"font-size: 14pt\">La actividad estaba prevista para realizarla en la <em>Biblioteca P\u00fablica Cervantes<\/em> de El Carpio, pero la previsi\u00f3n de lluvia ha hecho que se celebre en el colegio.&nbsp;<\/span><\/p>\n<p><span style=\"font-size: 14pt\">Agradecemos a Gloria Caballero la implicaci\u00f3n y la colaboraci\u00f3n con nuestro colegio y felicitamos a la <b>Compa\u00f1\u00eda Uno Teatro<\/b> por ofrecernos el interesante y divertido espect\u00e1culo <b>\u201cYanira cuenta la tira\u201d<\/b>.<\/span><\/p>\n<p><span style=\"font-size: 14pt\">Esta actividad forma parte de la programaci\u00f3n de nuestro colegio por el <b><i>D\u00eda Contra la Violencia de G\u00e9nero, <\/i><\/b>que realizamos gracias al ayuntamiento de El Carpio y Diputaci\u00f3n de C\u00f3rdoba.<i><\/i><b><i><\/i><\/b><\/span><\/p>\n<p>ngg_shortcode_0_placeholder<b><i>&nbsp;<\/i><\/b><\/p>\n<p>&nbsp;<\/p>\n<p>&nbsp;<\/p>\n<p>&nbsp;<\/p>\n<p>&nbsp;<\/p>\n<p>&nbsp;<\/p>\n<!--themify_builder_content-->\n<div id=\"themify_builder_content-1857\" data-postid=\"1857\" class=\"themify_builder_content themify_builder_content-1857 themify_builder tf_clear\">\n    <\/div>\n<!--\/themify_builder_content-->\n","protected":false},"excerpt":{"rendered":"<p>&#8220;YANIRA CUENTA LA TIRA&#8221; &nbsp; &nbsp; &nbsp; El alumnado de 1\u00ba ciclo de Primaria ha recibido en la ma\u00f1ana de hoy la visita de la prestigiosa Doctora Teka Biblioteca (experta en igualdad), que nos ha recordado lo importante que es leer cuentos. Con la ayuda de los becarios Yanira y Bartolo hemos disfrutado de tres [&hellip;]<\/p>\n","protected":false},"author":18798,"featured_media":1889,"comment_status":"closed","ping_status":"closed","sticky":false,"template":"","format":"standard","meta":{"ngg_post_thumbnail":0,"footnotes":""},"categories":[30,3],"tags":[36],"aioseo_notices":[],"_links":{"self":[{"href":"https:\/\/blogsaverroes.juntadeandalucia.es\/ceipramonycajal\/wp-json\/wp\/v2\/posts\/1857"}],"collection":[{"href":"https:\/\/blogsaverroes.juntadeandalucia.es\/ceipramonycajal\/wp-json\/wp\/v2\/posts"}],"about":[{"href":"https:\/\/blogsaverroes.juntadeandalucia.es\/ceipramonycajal\/wp-json\/wp\/v2\/types\/post"}],"author":[{"embeddable":true,"href":"https:\/\/blogsaverroes.juntadeandalucia.es\/ceipramonycajal\/wp-json\/wp\/v2\/users\/18798"}],"replies":[{"embeddable":true,"href":"https:\/\/blogsaverroes.juntadeandalucia.es\/ceipramonycajal\/wp-json\/wp\/v2\/comments?post=1857"}],"version-history":[{"count":6,"href":"https:\/\/blogsaverroes.juntadeandalucia.es\/ceipramonycajal\/wp-json\/wp\/v2\/posts\/1857\/revisions"}],"predecessor-version":[{"id":1890,"href":"https:\/\/blogsaverroes.juntadeandalucia.es\/ceipramonycajal\/wp-json\/wp\/v2\/posts\/1857\/revisions\/1890"}],"wp:featuredmedia":[{"embeddable":true,"href":"https:\/\/blogsaverroes.juntadeandalucia.es\/ceipramonycajal\/wp-json\/wp\/v2\/media\/1889"}],"wp:attachment":[{"href":"https:\/\/blogsaverroes.juntadeandalucia.es\/ceipramonycajal\/wp-json\/wp\/v2\/media?parent=1857"}],"wp:term":[{"taxonomy":"category","embeddable":true,"href":"https:\/\/blogsaverroes.juntadeandalucia.es\/ceipramonycajal\/wp-json\/wp\/v2\/categories?post=1857"},{"taxonomy":"post_tag","embeddable":true,"href":"https:\/\/blogsaverroes.juntadeandalucia.es\/ceipramonycajal\/wp-json\/wp\/v2\/tags?post=1857"}],"curies":[{"name":"wp","href":"https:\/\/api.w.org\/{rel}","templated":true}]}}