{"id":1875,"date":"2024-11-15T20:11:00","date_gmt":"2024-11-15T19:11:00","guid":{"rendered":"https:\/\/blogsaverroes.juntadeandalucia.es\/ceipramonycajal\/?p=1875"},"modified":"2024-11-18T19:22:22","modified_gmt":"2024-11-18T18:22:22","slug":"taller-igualdad","status":"publish","type":"post","link":"https:\/\/blogsaverroes.juntadeandalucia.es\/ceipramonycajal\/taller-igualdad\/","title":{"rendered":"TALLER IGUALDAD"},"content":{"rendered":"<p style=\"text-align: left\"><span style=\"font-size: 14pt\">El 6 de noviembre, el alumnado de <strong>3\u00ba <\/strong>y<strong> 4\u00ba de Primaria<\/strong> particip\u00f3 en un <span style=\"color: #ff00ff\"><strong>Taller de Igualdad<\/strong><\/span>, en el que de manera l\u00fadica y pr\u00e1ctica se abordaron temas como la <em>responsabilidad<\/em>, el <em>respeto<\/em> y la<em> equidad<\/em> entre chicos y chicas. <\/span><\/p>\n<p style=\"text-align: left\"><span style=\"font-size: 14pt\">Los alumnos debatieron sobre tareas dom\u00e9sticas, eliminado prejuicios y fomentando la convivencia justa. <\/span><\/p>\n<p style=\"text-align: left\"><span style=\"font-size: 14pt\">Esta actividad forma parte de la programaci\u00f3n de nuestro centro para el D\u00eda Contra la Violencia de G\u00e9nero.<\/span><\/p>\nngg_shortcode_0_placeholder\n<!--themify_builder_content-->\n<div id=\"themify_builder_content-1875\" data-postid=\"1875\" class=\"themify_builder_content themify_builder_content-1875 themify_builder tf_clear\">\n    <\/div>\n<!--\/themify_builder_content-->\n","protected":false},"excerpt":{"rendered":"<p>El 6 de noviembre, el alumnado de 3\u00ba y 4\u00ba de Primaria particip\u00f3 en un Taller de Igualdad, en el que de manera l\u00fadica y pr\u00e1ctica se abordaron temas como la responsabilidad, el respeto y la equidad entre chicos y chicas. Los alumnos debatieron sobre tareas dom\u00e9sticas, eliminado prejuicios y fomentando la convivencia justa. Esta [&hellip;]<\/p>\n","protected":false},"author":18798,"featured_media":1887,"comment_status":"closed","ping_status":"closed","sticky":false,"template":"","format":"standard","meta":{"ngg_post_thumbnail":0,"footnotes":""},"categories":[12,13,31,3],"tags":[],"aioseo_notices":[],"_links":{"self":[{"href":"https:\/\/blogsaverroes.juntadeandalucia.es\/ceipramonycajal\/wp-json\/wp\/v2\/posts\/1875"}],"collection":[{"href":"https:\/\/blogsaverroes.juntadeandalucia.es\/ceipramonycajal\/wp-json\/wp\/v2\/posts"}],"about":[{"href":"https:\/\/blogsaverroes.juntadeandalucia.es\/ceipramonycajal\/wp-json\/wp\/v2\/types\/post"}],"author":[{"embeddable":true,"href":"https:\/\/blogsaverroes.juntadeandalucia.es\/ceipramonycajal\/wp-json\/wp\/v2\/users\/18798"}],"replies":[{"embeddable":true,"href":"https:\/\/blogsaverroes.juntadeandalucia.es\/ceipramonycajal\/wp-json\/wp\/v2\/comments?post=1875"}],"version-history":[{"count":4,"href":"https:\/\/blogsaverroes.juntadeandalucia.es\/ceipramonycajal\/wp-json\/wp\/v2\/posts\/1875\/revisions"}],"predecessor-version":[{"id":1888,"href":"https:\/\/blogsaverroes.juntadeandalucia.es\/ceipramonycajal\/wp-json\/wp\/v2\/posts\/1875\/revisions\/1888"}],"wp:featuredmedia":[{"embeddable":true,"href":"https:\/\/blogsaverroes.juntadeandalucia.es\/ceipramonycajal\/wp-json\/wp\/v2\/media\/1887"}],"wp:attachment":[{"href":"https:\/\/blogsaverroes.juntadeandalucia.es\/ceipramonycajal\/wp-json\/wp\/v2\/media?parent=1875"}],"wp:term":[{"taxonomy":"category","embeddable":true,"href":"https:\/\/blogsaverroes.juntadeandalucia.es\/ceipramonycajal\/wp-json\/wp\/v2\/categories?post=1875"},{"taxonomy":"post_tag","embeddable":true,"href":"https:\/\/blogsaverroes.juntadeandalucia.es\/ceipramonycajal\/wp-json\/wp\/v2\/tags?post=1875"}],"curies":[{"name":"wp","href":"https:\/\/api.w.org\/{rel}","templated":true}]}}