{"id":2059,"date":"2024-11-22T22:02:00","date_gmt":"2024-11-22T21:02:00","guid":{"rendered":"https:\/\/blogsaverroes.juntadeandalucia.es\/ceipramonycajal\/?p=2059"},"modified":"2024-11-27T07:04:06","modified_gmt":"2024-11-27T06:04:06","slug":"el-castanero","status":"publish","type":"post","link":"https:\/\/blogsaverroes.juntadeandalucia.es\/ceipramonycajal\/el-castanero\/","title":{"rendered":"EL CASTA\u00d1ERO"},"content":{"rendered":"<p style=\"text-align: center\"><span style=\"color: #800000;font-family: tahoma, arial, helvetica, sans-serif;font-size: 24pt\"><strong>\u00a1A la rica casta\u00f1a!<\/strong><\/span><\/p>\n<p style=\"text-align: center\"><span style=\"font-size: 14pt\">En el d\u00eda de hoy hemos celebrado nuestra ya tradicional actividad oto\u00f1al <\/span><\/p>\n<p style=\"text-align: center\"><strong><span style=\"font-size: 14pt\">&#8220;El Casta\u00f1ero&#8221;<\/span><\/strong><\/p>\n<p style=\"text-align: left\"><span style=\"font-size: 14pt\">Una divertida y din\u00e1mica jornada en la que todo el alumnado del centro ha podido degustar casta\u00f1as asadas y escucha la explicaci\u00f3n del Casta\u00f1ero.<\/span><\/p>\n<p style=\"text-align: left\"><span style=\"font-size: 14pt\">Hemos aprendido de <em>d\u00f3nde vienen las casta\u00f1as<\/em>, <em>c\u00f3mo se seleccionan<\/em>, <em>qu\u00e9 herramientas<\/em> usan para asarlas y m\u00e1s informaci\u00f3n interesante que a nuestros ni\u00f1os y ni\u00f1as les ha encantado saber. <\/span><\/p>\nngg_shortcode_0_placeholder\n<!--themify_builder_content-->\n<div id=\"themify_builder_content-2059\" data-postid=\"2059\" class=\"themify_builder_content themify_builder_content-2059 themify_builder tf_clear\">\n    <\/div>\n<!--\/themify_builder_content-->\n","protected":false},"excerpt":{"rendered":"<p>\u00a1A la rica casta\u00f1a! En el d\u00eda de hoy hemos celebrado nuestra ya tradicional actividad oto\u00f1al &#8220;El Casta\u00f1ero&#8221; Una divertida y din\u00e1mica jornada en la que todo el alumnado del centro ha podido degustar casta\u00f1as asadas y escucha la explicaci\u00f3n del Casta\u00f1ero. Hemos aprendido de d\u00f3nde vienen las casta\u00f1as, c\u00f3mo se seleccionan, qu\u00e9 herramientas usan [&hellip;]<\/p>\n","protected":false},"author":18798,"featured_media":2134,"comment_status":"closed","ping_status":"closed","sticky":false,"template":"","format":"standard","meta":{"ngg_post_thumbnail":0,"footnotes":""},"categories":[3,28],"tags":[],"aioseo_notices":[],"_links":{"self":[{"href":"https:\/\/blogsaverroes.juntadeandalucia.es\/ceipramonycajal\/wp-json\/wp\/v2\/posts\/2059"}],"collection":[{"href":"https:\/\/blogsaverroes.juntadeandalucia.es\/ceipramonycajal\/wp-json\/wp\/v2\/posts"}],"about":[{"href":"https:\/\/blogsaverroes.juntadeandalucia.es\/ceipramonycajal\/wp-json\/wp\/v2\/types\/post"}],"author":[{"embeddable":true,"href":"https:\/\/blogsaverroes.juntadeandalucia.es\/ceipramonycajal\/wp-json\/wp\/v2\/users\/18798"}],"replies":[{"embeddable":true,"href":"https:\/\/blogsaverroes.juntadeandalucia.es\/ceipramonycajal\/wp-json\/wp\/v2\/comments?post=2059"}],"version-history":[{"count":10,"href":"https:\/\/blogsaverroes.juntadeandalucia.es\/ceipramonycajal\/wp-json\/wp\/v2\/posts\/2059\/revisions"}],"predecessor-version":[{"id":2135,"href":"https:\/\/blogsaverroes.juntadeandalucia.es\/ceipramonycajal\/wp-json\/wp\/v2\/posts\/2059\/revisions\/2135"}],"wp:featuredmedia":[{"embeddable":true,"href":"https:\/\/blogsaverroes.juntadeandalucia.es\/ceipramonycajal\/wp-json\/wp\/v2\/media\/2134"}],"wp:attachment":[{"href":"https:\/\/blogsaverroes.juntadeandalucia.es\/ceipramonycajal\/wp-json\/wp\/v2\/media?parent=2059"}],"wp:term":[{"taxonomy":"category","embeddable":true,"href":"https:\/\/blogsaverroes.juntadeandalucia.es\/ceipramonycajal\/wp-json\/wp\/v2\/categories?post=2059"},{"taxonomy":"post_tag","embeddable":true,"href":"https:\/\/blogsaverroes.juntadeandalucia.es\/ceipramonycajal\/wp-json\/wp\/v2\/tags?post=2059"}],"curies":[{"name":"wp","href":"https:\/\/api.w.org\/{rel}","templated":true}]}}