{"id":2243,"date":"2024-12-06T13:44:03","date_gmt":"2024-12-06T12:44:03","guid":{"rendered":"https:\/\/blogsaverroes.juntadeandalucia.es\/ceipramonycajal\/?p=2243"},"modified":"2024-12-06T13:44:03","modified_gmt":"2024-12-06T12:44:03","slug":"dia-de-la-constitucion","status":"publish","type":"post","link":"https:\/\/blogsaverroes.juntadeandalucia.es\/ceipramonycajal\/dia-de-la-constitucion\/","title":{"rendered":"D\u00cdA DE LA CONSTITUCI\u00d3N"},"content":{"rendered":"<p><span style=\"font-size: 14pt\">El jueves 5 de diciembre realizamos un acto conjunto, <strong>todo el alumnado<\/strong>, para celebrar el <strong><span style=\"color: #ff0000\">D\u00eda de la Constituci\u00f3n Espa\u00f1ola<\/span><\/strong>. <\/span><\/p>\n<p><span style=\"font-size: 14pt\">La actividad tuvo lugar en la pista del Edificio Viejo del colegio y fue presentado por&nbsp; alumnos de 6\u00ba de primaria.<\/span><\/p>\n<p><span style=\"font-size: 14pt\">Al comienzo de la actividad, pudimos atender a la explicaci\u00f3n de los<strong> s\u00edmbolos de la Constituci\u00f3n<\/strong> espa\u00f1ola de 1978, izar la bandera y escuchar el himno de Espa\u00f1a.<\/span><\/p>\n<p><span style=\"font-size: 14pt\">A continuaci\u00f3n, se hizo lectura de<strong> 6 <span style=\"color: #ff0000\">derechos<\/span> y 6 <span style=\"color: #ffff00\">deberes<\/span><\/strong> por parte de alumnos de primaria que estuvieron acompa\u00f1ados del dibujo correspondiente que mostraban los alumnos de infantil.<\/span><\/p>\n<p><span style=\"font-size: 14pt\">Para finalizar el acto, un grupo de alumnos de 6\u00ba interpret\u00f3 el himno de Espa\u00f1a con la flauta.<\/span><\/p>\nngg_shortcode_0_placeholder\n<!--themify_builder_content-->\n<div id=\"themify_builder_content-2243\" data-postid=\"2243\" class=\"themify_builder_content themify_builder_content-2243 themify_builder tf_clear\">\n    <\/div>\n<!--\/themify_builder_content-->\n","protected":false},"excerpt":{"rendered":"<p>El jueves 5 de diciembre realizamos un acto conjunto, todo el alumnado, para celebrar el D\u00eda de la Constituci\u00f3n Espa\u00f1ola. La actividad tuvo lugar en la pista del Edificio Viejo del colegio y fue presentado por&nbsp; alumnos de 6\u00ba de primaria. Al comienzo de la actividad, pudimos atender a la explicaci\u00f3n de los s\u00edmbolos de [&hellip;]<\/p>\n","protected":false},"author":18798,"featured_media":0,"comment_status":"closed","ping_status":"closed","sticky":false,"template":"","format":"standard","meta":{"ngg_post_thumbnail":0,"footnotes":""},"categories":[29,28],"tags":[],"aioseo_notices":[],"_links":{"self":[{"href":"https:\/\/blogsaverroes.juntadeandalucia.es\/ceipramonycajal\/wp-json\/wp\/v2\/posts\/2243"}],"collection":[{"href":"https:\/\/blogsaverroes.juntadeandalucia.es\/ceipramonycajal\/wp-json\/wp\/v2\/posts"}],"about":[{"href":"https:\/\/blogsaverroes.juntadeandalucia.es\/ceipramonycajal\/wp-json\/wp\/v2\/types\/post"}],"author":[{"embeddable":true,"href":"https:\/\/blogsaverroes.juntadeandalucia.es\/ceipramonycajal\/wp-json\/wp\/v2\/users\/18798"}],"replies":[{"embeddable":true,"href":"https:\/\/blogsaverroes.juntadeandalucia.es\/ceipramonycajal\/wp-json\/wp\/v2\/comments?post=2243"}],"version-history":[{"count":3,"href":"https:\/\/blogsaverroes.juntadeandalucia.es\/ceipramonycajal\/wp-json\/wp\/v2\/posts\/2243\/revisions"}],"predecessor-version":[{"id":2292,"href":"https:\/\/blogsaverroes.juntadeandalucia.es\/ceipramonycajal\/wp-json\/wp\/v2\/posts\/2243\/revisions\/2292"}],"wp:attachment":[{"href":"https:\/\/blogsaverroes.juntadeandalucia.es\/ceipramonycajal\/wp-json\/wp\/v2\/media?parent=2243"}],"wp:term":[{"taxonomy":"category","embeddable":true,"href":"https:\/\/blogsaverroes.juntadeandalucia.es\/ceipramonycajal\/wp-json\/wp\/v2\/categories?post=2243"},{"taxonomy":"post_tag","embeddable":true,"href":"https:\/\/blogsaverroes.juntadeandalucia.es\/ceipramonycajal\/wp-json\/wp\/v2\/tags?post=2243"}],"curies":[{"name":"wp","href":"https:\/\/api.w.org\/{rel}","templated":true}]}}