{"id":3384,"date":"2025-02-22T13:26:20","date_gmt":"2025-02-22T12:26:20","guid":{"rendered":"https:\/\/blogsaverroes.juntadeandalucia.es\/ceipramonycajal\/?p=3384"},"modified":"2025-03-05T13:41:52","modified_gmt":"2025-03-05T12:41:52","slug":"excursion-al-castillo-de-almodovar","status":"publish","type":"post","link":"https:\/\/blogsaverroes.juntadeandalucia.es\/ceipramonycajal\/excursion-al-castillo-de-almodovar\/","title":{"rendered":"EXCURSI\u00d3N AL CASTILLO DE ALMOD\u00d3VAR"},"content":{"rendered":"<p>El d\u00eda 21 de marzo, Infantil de 5 a\u00f1os y el primer ciclo de Primaria fueron de excursi\u00f3n al <strong><span style=\"font-size: 21px\">Castillo de Almod\u00f3var<\/span><\/strong>. Fui una excursi\u00f3n muy divertida y emocionante con muchas sorpresas para el alumnado.<\/p>\n<p>En un principio, llegamos al Castillo y nos pusimos a desayunar mientras esper\u00e1bamos a que empezara la actividad:<\/p>\nngg_shortcode_0_placeholder\n<p>Cuando abrieron las puertas, salieron a saludarnos los caballeros y las damas que iban a estar con nosotros durante toda la visita e hicieron diferentes equipos para ello. Fue una visita muy divertida porque fuimos conociendo a diferentes personajes que nos ense\u00f1aron muchas cosas sobre los castillos y adem\u00e1s pudimos participar en algunos de los teatros:<\/p>\nngg_shortcode_1_placeholder\n<p>Nos hicimos hasta una foto con la espada del Rey Arturo:<\/p>\n<p>ngg_shortcode_2_placeholderDespu\u00e9s nos nombraron damas y caballeros del castillo y algunos hasta reyes y lanceros:<\/p>\n<p>ngg_shortcode_3_placeholderUna vez termino la visita y los diferentes teatros, nos fuimos al patio a comer:<\/p>\n<p>ngg_shortcode_4_placeholderY terminamos este d\u00eda tan emocionante con algunos juegos que nos hicieron en el patio. Pasamos un gran d\u00eda.<\/p>\nngg_shortcode_5_placeholder\n<!--themify_builder_content-->\n<div id=\"themify_builder_content-3384\" data-postid=\"3384\" class=\"themify_builder_content themify_builder_content-3384 themify_builder tf_clear\">\n    <\/div>\n<!--\/themify_builder_content-->\n","protected":false},"excerpt":{"rendered":"<p>El d\u00eda 21 de marzo, Infantil de 5 a\u00f1os y el primer ciclo de Primaria fueron de excursi\u00f3n al Castillo de Almod\u00f3var. Fui una excursi\u00f3n muy divertida y emocionante con muchas sorpresas para el alumnado. En un principio, llegamos al Castillo y nos pusimos a desayunar mientras esper\u00e1bamos a que empezara la actividad: &nbsp; Cuando [&hellip;]<\/p>\n","protected":false},"author":19713,"featured_media":0,"comment_status":"closed","ping_status":"closed","sticky":false,"template":"","format":"standard","meta":{"ngg_post_thumbnail":0,"footnotes":""},"categories":[10,29,11,37,25,26,3,4,28],"tags":[],"aioseo_notices":[],"_links":{"self":[{"href":"https:\/\/blogsaverroes.juntadeandalucia.es\/ceipramonycajal\/wp-json\/wp\/v2\/posts\/3384"}],"collection":[{"href":"https:\/\/blogsaverroes.juntadeandalucia.es\/ceipramonycajal\/wp-json\/wp\/v2\/posts"}],"about":[{"href":"https:\/\/blogsaverroes.juntadeandalucia.es\/ceipramonycajal\/wp-json\/wp\/v2\/types\/post"}],"author":[{"embeddable":true,"href":"https:\/\/blogsaverroes.juntadeandalucia.es\/ceipramonycajal\/wp-json\/wp\/v2\/users\/19713"}],"replies":[{"embeddable":true,"href":"https:\/\/blogsaverroes.juntadeandalucia.es\/ceipramonycajal\/wp-json\/wp\/v2\/comments?post=3384"}],"version-history":[{"count":8,"href":"https:\/\/blogsaverroes.juntadeandalucia.es\/ceipramonycajal\/wp-json\/wp\/v2\/posts\/3384\/revisions"}],"predecessor-version":[{"id":3392,"href":"https:\/\/blogsaverroes.juntadeandalucia.es\/ceipramonycajal\/wp-json\/wp\/v2\/posts\/3384\/revisions\/3392"}],"wp:attachment":[{"href":"https:\/\/blogsaverroes.juntadeandalucia.es\/ceipramonycajal\/wp-json\/wp\/v2\/media?parent=3384"}],"wp:term":[{"taxonomy":"category","embeddable":true,"href":"https:\/\/blogsaverroes.juntadeandalucia.es\/ceipramonycajal\/wp-json\/wp\/v2\/categories?post=3384"},{"taxonomy":"post_tag","embeddable":true,"href":"https:\/\/blogsaverroes.juntadeandalucia.es\/ceipramonycajal\/wp-json\/wp\/v2\/tags?post=3384"}],"curies":[{"name":"wp","href":"https:\/\/api.w.org\/{rel}","templated":true}]}}