{"id":4113,"date":"2025-04-30T10:53:04","date_gmt":"2025-04-30T09:53:04","guid":{"rendered":"https:\/\/blogsaverroes.juntadeandalucia.es\/ceipramonycajal\/?p=4113"},"modified":"2025-04-30T17:48:20","modified_gmt":"2025-04-30T16:48:20","slug":"semana-cultural","status":"publish","type":"post","link":"https:\/\/blogsaverroes.juntadeandalucia.es\/ceipramonycajal\/semana-cultural\/","title":{"rendered":"SEMANA CULTURAL"},"content":{"rendered":"<p><img loading=\"lazy\" decoding=\"async\" class=\"wp-image-4114 aligncenter\" src=\"https:\/\/blogsaverroes.juntadeandalucia.es\/ceipramonycajal\/files\/2025\/04\/MAGIA.jpg\" alt=\"\" width=\"339\" height=\"276\" srcset=\"https:\/\/blogsaverroes.juntadeandalucia.es\/ceipramonycajal\/files\/2025\/04\/MAGIA.jpg 612w, https:\/\/blogsaverroes.juntadeandalucia.es\/ceipramonycajal\/files\/2025\/04\/MAGIA-300x245.jpg 300w\" sizes=\"(max-width: 339px) 100vw, 339px\" \/><\/p>\n<p align=\"justify\"><span style=\"font-family: helvetica, arial, sans-serif\">La semana del <strong>7 al 11 de abril<\/strong>, los pasillos de nuestro colegio se transformaron en un lugar donde la <strong><span style=\"color: #000000\">imaginaci\u00f3n<\/span><\/strong> no ten\u00eda l\u00edmites y la magia estaba en el aire. Bajo el encantador tema de <span style=\"color: #800080\"><strong>&#8220;La Magia&#8221;<\/strong><\/span>, inauguramos una <span style=\"color: #800080\"><strong>Semana Cultural<\/strong><\/span> llena de <em>aprendizajes<\/em>,<em> diversi\u00f3n y momentos inolvidables.<\/em><\/span><\/p>\n<p align=\"justify\"><span style=\"font-family: helvetica, arial, sans-serif\">Desde el lunes hasta el viernes, todo nuestro alumnado se sumergi\u00f3 en un mundo fant\u00e1stico lleno de hechizos, criaturas m\u00e1gicas, experimentos asombrosos y cuentos encantados. Cada rinc\u00f3n del colegio ha sido decorado con varitas, sombreros de mago, p\u00f3cimas y estrellas brillantes, creando un ambiente donde todo ha sido posible.<\/span><\/p>\n<p align=\"justify\"><span style=\"font-family: helvetica, arial, sans-serif\">Las actividades que se han desarrollado son:<\/span><\/p>\n<p align=\"justify\"><span style=\"font-family: helvetica, arial, sans-serif\">&#8211; Cuentacuentos.<\/span><\/p>\n<p align=\"justify\"><span style=\"font-family: helvetica, arial, sans-serif\">&#8211; Rutas literarias.<\/span><\/p>\n<p align=\"justify\"><span style=\"font-family: helvetica, arial, sans-serif\">&#8211; Talleres m\u00e1gicos.<\/span><\/p>\n<p align=\"justify\"><span style=\"font-family: helvetica, arial, sans-serif\">&#8211; Lecturas encantadas.<\/span><\/p>\n<p align=\"justify\"><span style=\"font-family: helvetica, arial, sans-serif\">&#8211; Tutor\u00edas verticales. <\/span><\/p>\n<p align=\"justify\"><span style=\"font-family: helvetica, arial, sans-serif\">&#8211; Disfraces.<\/span><\/p>\n<p align=\"justify\"><span style=\"font-family: helvetica, arial, sans-serif\">&#8211; Manualidades. <\/span><\/p>\n<p align=\"justify\"><span style=\"font-family: helvetica, arial, sans-serif\">Gracias a todos los profesores&nbsp; y alumnos que han hecho posible esta experiencia m\u00e1gica. <\/span><\/p>\n<p align=\"justify\"><span style=\"font-family: helvetica, arial, sans-serif\">\u00a1Esta Semana Cultural ha sido, sin duda, un recuerdo que llevaremos siempre con nosotros!<\/span><\/p>\n<p align=\"justify\">&nbsp;<\/p>\n<p>ngg_shortcode_0_placeholderngg_shortcode_1_placeholder<\/p>\n","protected":false},"excerpt":{"rendered":"<p>La semana del 7 al 11 de abril, los pasillos de nuestro colegio se transformaron en un lugar donde la imaginaci\u00f3n no ten\u00eda l\u00edmites y la magia estaba en el aire. Bajo el encantador tema de &#8220;La Magia&#8221;, inauguramos una Semana Cultural llena de aprendizajes, diversi\u00f3n y momentos inolvidables. Desde el lunes hasta el viernes, [&hellip;]<\/p>\n","protected":false},"author":18798,"featured_media":0,"comment_status":"closed","ping_status":"closed","sticky":false,"template":"","format":"standard","meta":{"ngg_post_thumbnail":0,"footnotes":""},"categories":[29,30,3,28],"tags":[],"aioseo_notices":[],"_links":{"self":[{"href":"https:\/\/blogsaverroes.juntadeandalucia.es\/ceipramonycajal\/wp-json\/wp\/v2\/posts\/4113"}],"collection":[{"href":"https:\/\/blogsaverroes.juntadeandalucia.es\/ceipramonycajal\/wp-json\/wp\/v2\/posts"}],"about":[{"href":"https:\/\/blogsaverroes.juntadeandalucia.es\/ceipramonycajal\/wp-json\/wp\/v2\/types\/post"}],"author":[{"embeddable":true,"href":"https:\/\/blogsaverroes.juntadeandalucia.es\/ceipramonycajal\/wp-json\/wp\/v2\/users\/18798"}],"replies":[{"embeddable":true,"href":"https:\/\/blogsaverroes.juntadeandalucia.es\/ceipramonycajal\/wp-json\/wp\/v2\/comments?post=4113"}],"version-history":[{"count":6,"href":"https:\/\/blogsaverroes.juntadeandalucia.es\/ceipramonycajal\/wp-json\/wp\/v2\/posts\/4113\/revisions"}],"predecessor-version":[{"id":4287,"href":"https:\/\/blogsaverroes.juntadeandalucia.es\/ceipramonycajal\/wp-json\/wp\/v2\/posts\/4113\/revisions\/4287"}],"wp:attachment":[{"href":"https:\/\/blogsaverroes.juntadeandalucia.es\/ceipramonycajal\/wp-json\/wp\/v2\/media?parent=4113"}],"wp:term":[{"taxonomy":"category","embeddable":true,"href":"https:\/\/blogsaverroes.juntadeandalucia.es\/ceipramonycajal\/wp-json\/wp\/v2\/categories?post=4113"},{"taxonomy":"post_tag","embeddable":true,"href":"https:\/\/blogsaverroes.juntadeandalucia.es\/ceipramonycajal\/wp-json\/wp\/v2\/tags?post=4113"}],"curies":[{"name":"wp","href":"https:\/\/api.w.org\/{rel}","templated":true}]}}