{"id":4288,"date":"2025-04-30T18:33:36","date_gmt":"2025-04-30T17:33:36","guid":{"rendered":"https:\/\/blogsaverroes.juntadeandalucia.es\/ceipramonycajal\/?p=4288"},"modified":"2025-05-01T10:01:42","modified_gmt":"2025-05-01T09:01:42","slug":"mba-kids","status":"publish","type":"post","link":"https:\/\/blogsaverroes.juntadeandalucia.es\/ceipramonycajal\/mba-kids\/","title":{"rendered":"MBA KIDS"},"content":{"rendered":"<p align=\"justify\"><img loading=\"lazy\" decoding=\"async\" class=\"aligncenter size-full wp-image-4289\" src=\"https:\/\/blogsaverroes.juntadeandalucia.es\/ceipramonycajal\/files\/2025\/04\/Sin-titulo.png\" alt=\"\" width=\"277\" height=\"182\">&nbsp;<\/p>\n<p align=\"justify\">El viernes<strong> 11 de abril<\/strong>, un grupo de alumnos de nuestro centro, particip\u00f3 en la<span style=\"color: #000080\"><strong> MBA League<\/strong><\/span> celebrada en la Diputaci\u00f3n de C\u00f3rdoba.<\/p>\n<p align=\"justify\">La MBA League es una competici\u00f3n educativa que busca promover el <strong>emprendimiento<\/strong>, dar valor y premiar a grupos de ni\u00f1os\/as y j\u00f3venes (desde 3\u00ba de Primaria hasta 2\u00ba de Bachillerato) que desarrollen proyectos empresariales, con el objetivo de fomentar la actitud emprendedora.<\/p>\n<p align=\"justify\">En C\u00f3rdoba, la segunda edici\u00f3n cont\u00f3 con la participaci\u00f3n de 16 colegios de la capital y la provincia, entre los que se encontraba el <strong>CEIP Ram\u00f3n y Cajal de El Carpio<\/strong>.<\/p>\n<p align=\"justify\">Nuestros alumnos desarrollaron y presentaron dos proyectos empresariales que respond\u00edan a los Objetivos de Desarrollo Sostenible de la Agenda 2030. La competici\u00f3n incluy\u00f3 una feria comercial y una ronda de inversi\u00f3n simulada.<\/p>\n<p align=\"justify\">La <b>Liga del Emprendimiento de Fundaci\u00f3n Sebasti\u00e1n Almagro<\/b> pretende <strong>desarrollar la cultura emprendedora<\/strong> con trabajo en equipo y dedicaci\u00f3n, despertando en los alumnos el inter\u00e9s en el d\u00eda a d\u00eda de un empresario, en su af\u00e1n de superaci\u00f3n y logrando que puedan verse ellos mismos como futuros empresarios o empresarias.<\/p>\n<p align=\"justify\">Desde este momento, nuestro colegio cuenta con la <strong>insignia de Centro Emprendedor.<\/strong><\/p>\n<p align=\"justify\">Una experiencia inolvidable para nuestros alumnos y un orgullo para todo el colegio.<\/p>\n<p align=\"justify\">Agradecemos a la Se\u00f1o Juani la implicaci\u00f3n, dedicaci\u00f3n y gran trabajo realizado durante todo el proceso.<\/p>\nngg_shortcode_0_placeholder\n","protected":false},"excerpt":{"rendered":"<p>&nbsp; El viernes 11 de abril, un grupo de alumnos de nuestro centro, particip\u00f3 en la MBA League celebrada en la Diputaci\u00f3n de C\u00f3rdoba. La MBA League es una competici\u00f3n educativa que busca promover el emprendimiento, dar valor y premiar a grupos de ni\u00f1os\/as y j\u00f3venes (desde 3\u00ba de Primaria hasta 2\u00ba de Bachillerato) que [&hellip;]<\/p>\n","protected":false},"author":18798,"featured_media":0,"comment_status":"closed","ping_status":"closed","sticky":false,"template":"","format":"standard","meta":{"ngg_post_thumbnail":0,"footnotes":""},"categories":[29,40],"tags":[],"aioseo_notices":[],"_links":{"self":[{"href":"https:\/\/blogsaverroes.juntadeandalucia.es\/ceipramonycajal\/wp-json\/wp\/v2\/posts\/4288"}],"collection":[{"href":"https:\/\/blogsaverroes.juntadeandalucia.es\/ceipramonycajal\/wp-json\/wp\/v2\/posts"}],"about":[{"href":"https:\/\/blogsaverroes.juntadeandalucia.es\/ceipramonycajal\/wp-json\/wp\/v2\/types\/post"}],"author":[{"embeddable":true,"href":"https:\/\/blogsaverroes.juntadeandalucia.es\/ceipramonycajal\/wp-json\/wp\/v2\/users\/18798"}],"replies":[{"embeddable":true,"href":"https:\/\/blogsaverroes.juntadeandalucia.es\/ceipramonycajal\/wp-json\/wp\/v2\/comments?post=4288"}],"version-history":[{"count":4,"href":"https:\/\/blogsaverroes.juntadeandalucia.es\/ceipramonycajal\/wp-json\/wp\/v2\/posts\/4288\/revisions"}],"predecessor-version":[{"id":4344,"href":"https:\/\/blogsaverroes.juntadeandalucia.es\/ceipramonycajal\/wp-json\/wp\/v2\/posts\/4288\/revisions\/4344"}],"wp:attachment":[{"href":"https:\/\/blogsaverroes.juntadeandalucia.es\/ceipramonycajal\/wp-json\/wp\/v2\/media?parent=4288"}],"wp:term":[{"taxonomy":"category","embeddable":true,"href":"https:\/\/blogsaverroes.juntadeandalucia.es\/ceipramonycajal\/wp-json\/wp\/v2\/categories?post=4288"},{"taxonomy":"post_tag","embeddable":true,"href":"https:\/\/blogsaverroes.juntadeandalucia.es\/ceipramonycajal\/wp-json\/wp\/v2\/tags?post=4288"}],"curies":[{"name":"wp","href":"https:\/\/api.w.org\/{rel}","templated":true}]}}