{"id":4955,"date":"2025-06-10T19:34:26","date_gmt":"2025-06-10T18:34:26","guid":{"rendered":"https:\/\/blogsaverroes.juntadeandalucia.es\/ceipramonycajal\/?p=4955"},"modified":"2025-06-10T19:34:26","modified_gmt":"2025-06-10T18:34:26","slug":"excursion-castillo-de-almodovar-5o","status":"publish","type":"post","link":"https:\/\/blogsaverroes.juntadeandalucia.es\/ceipramonycajal\/excursion-castillo-de-almodovar-5o\/","title":{"rendered":"EXCURSI\u00d3N CASTILLO DE ALMOD\u00d3VAR 5\u00ba"},"content":{"rendered":"<p align=\"justify\"><img loading=\"lazy\" decoding=\"async\" class=\"aligncenter wp-image-4956\" src=\"https:\/\/blogsaverroes.juntadeandalucia.es\/ceipramonycajal\/files\/2025\/06\/castillo_de_almodovar_0-1024x658.jpg\" alt=\"\" width=\"568\" height=\"365\" srcset=\"https:\/\/blogsaverroes.juntadeandalucia.es\/ceipramonycajal\/files\/2025\/06\/castillo_de_almodovar_0-1024x658.jpg 1024w, https:\/\/blogsaverroes.juntadeandalucia.es\/ceipramonycajal\/files\/2025\/06\/castillo_de_almodovar_0-300x193.jpg 300w, https:\/\/blogsaverroes.juntadeandalucia.es\/ceipramonycajal\/files\/2025\/06\/castillo_de_almodovar_0-768x493.jpg 768w, https:\/\/blogsaverroes.juntadeandalucia.es\/ceipramonycajal\/files\/2025\/06\/castillo_de_almodovar_0.jpg 1090w\" sizes=\"(max-width: 568px) 100vw, 568px\" \/><\/p>\n<p align=\"justify\">El <strong>mi\u00e9rcoles 4 de junio<\/strong>, el alumnado de <span style=\"color: #800000\"><strong>5\u00ba de Primaria<\/strong><\/span> vivi\u00f3 una jornada inolvidable en su visita al <span style=\"color: #800000\"><strong>Castillo de Almod\u00f3var<\/strong><\/span>, una de las fortalezas mejor conservada de Andaluc\u00eda.<\/p>\n<p align=\"justify\">Al llegar al castillo, fueron recibidos por un gu\u00eda vestido de la \u00e9poca, que los transport\u00f3 directamente a la <span style=\"color: #800000\">Edad Media<\/span>.<\/p>\n<p align=\"justify\">Durante la visita, recorrieron las murallas, torres y mazmorras, aprendiendo sobre la historia del castillo, sus funciones defensivas y curiosidades sobre la vida en la Edad Media. Adem\u00e1s, disfrutaron de una <strong>representaci\u00f3n teatral<\/strong> que les hizo sentir como aut\u00e9nticos caballeros y damas del siglo XIII.<\/p>\n<p align=\"justify\">Esta experiencia no solo ha sido una oportunidad para aprender historia de forma vivencial, sino tambi\u00e9n para reforzar la <span style=\"color: #ff6600\">convivencia<\/span>, el <span style=\"color: #ff6600\">compa\u00f1erismo<\/span> y el <span style=\"color: #ff6600\">respeto por nuestro patrimonio cultural.<\/span><\/p>\n<p align=\"justify\">Ha sido una excursi\u00f3n muy esperada por todo nuestro alumnado, que disfrutaron much\u00edsimo y recordar\u00e1n siempre.<\/p>\nngg_shortcode_0_placeholder\n","protected":false},"excerpt":{"rendered":"<p>El mi\u00e9rcoles 4 de junio, el alumnado de 5\u00ba de Primaria vivi\u00f3 una jornada inolvidable en su visita al Castillo de Almod\u00f3var, una de las fortalezas mejor conservada de Andaluc\u00eda. Al llegar al castillo, fueron recibidos por un gu\u00eda vestido de la \u00e9poca, que los transport\u00f3 directamente a la Edad Media. Durante la visita, recorrieron [&hellip;]<\/p>\n","protected":false},"author":18798,"featured_media":0,"comment_status":"closed","ping_status":"closed","sticky":false,"template":"","format":"standard","meta":{"ngg_post_thumbnail":0,"footnotes":""},"categories":[29,14,38],"tags":[],"aioseo_notices":[],"_links":{"self":[{"href":"https:\/\/blogsaverroes.juntadeandalucia.es\/ceipramonycajal\/wp-json\/wp\/v2\/posts\/4955"}],"collection":[{"href":"https:\/\/blogsaverroes.juntadeandalucia.es\/ceipramonycajal\/wp-json\/wp\/v2\/posts"}],"about":[{"href":"https:\/\/blogsaverroes.juntadeandalucia.es\/ceipramonycajal\/wp-json\/wp\/v2\/types\/post"}],"author":[{"embeddable":true,"href":"https:\/\/blogsaverroes.juntadeandalucia.es\/ceipramonycajal\/wp-json\/wp\/v2\/users\/18798"}],"replies":[{"embeddable":true,"href":"https:\/\/blogsaverroes.juntadeandalucia.es\/ceipramonycajal\/wp-json\/wp\/v2\/comments?post=4955"}],"version-history":[{"count":4,"href":"https:\/\/blogsaverroes.juntadeandalucia.es\/ceipramonycajal\/wp-json\/wp\/v2\/posts\/4955\/revisions"}],"predecessor-version":[{"id":5059,"href":"https:\/\/blogsaverroes.juntadeandalucia.es\/ceipramonycajal\/wp-json\/wp\/v2\/posts\/4955\/revisions\/5059"}],"wp:attachment":[{"href":"https:\/\/blogsaverroes.juntadeandalucia.es\/ceipramonycajal\/wp-json\/wp\/v2\/media?parent=4955"}],"wp:term":[{"taxonomy":"category","embeddable":true,"href":"https:\/\/blogsaverroes.juntadeandalucia.es\/ceipramonycajal\/wp-json\/wp\/v2\/categories?post=4955"},{"taxonomy":"post_tag","embeddable":true,"href":"https:\/\/blogsaverroes.juntadeandalucia.es\/ceipramonycajal\/wp-json\/wp\/v2\/tags?post=4955"}],"curies":[{"name":"wp","href":"https:\/\/api.w.org\/{rel}","templated":true}]}}