{"id":5071,"date":"2025-06-19T12:33:32","date_gmt":"2025-06-19T11:33:32","guid":{"rendered":"https:\/\/blogsaverroes.juntadeandalucia.es\/ceipramonycajal\/?p=5071"},"modified":"2025-06-19T12:33:32","modified_gmt":"2025-06-19T11:33:32","slug":"exito-total-en-la-i-carrera-solidaria-a-favor-de-la-asociacion-ela-andalucia","status":"publish","type":"post","link":"https:\/\/blogsaverroes.juntadeandalucia.es\/ceipramonycajal\/exito-total-en-la-i-carrera-solidaria-a-favor-de-la-asociacion-ela-andalucia\/","title":{"rendered":"\u00c9xito total en la I Carrera Solidaria a favor de la Asociaci\u00f3n ELA Andaluc\u00eda"},"content":{"rendered":"<p align=\"justify\"><img loading=\"lazy\" decoding=\"async\" class=\"aligncenter wp-image-5072\" src=\"https:\/\/blogsaverroes.juntadeandalucia.es\/ceipramonycajal\/files\/2025\/06\/IMG_56031-753x1024.jpg\" alt=\"\" width=\"478\" height=\"650\" srcset=\"https:\/\/blogsaverroes.juntadeandalucia.es\/ceipramonycajal\/files\/2025\/06\/IMG_56031-753x1024.jpg 753w, https:\/\/blogsaverroes.juntadeandalucia.es\/ceipramonycajal\/files\/2025\/06\/IMG_56031-221x300.jpg 221w, https:\/\/blogsaverroes.juntadeandalucia.es\/ceipramonycajal\/files\/2025\/06\/IMG_56031-768x1044.jpg 768w, https:\/\/blogsaverroes.juntadeandalucia.es\/ceipramonycajal\/files\/2025\/06\/IMG_56031-1130x1536.jpg 1130w, https:\/\/blogsaverroes.juntadeandalucia.es\/ceipramonycajal\/files\/2025\/06\/IMG_56031.jpg 1170w\" sizes=\"(max-width: 478px) 100vw, 478px\" \/><\/p>\n<p align=\"justify\">&nbsp;<\/p>\n<p align=\"justify\">&nbsp;<\/p>\n<p align=\"justify\">El <strong>28 de mayo<\/strong>, nuestro colegio vivi\u00f3 una jornada muy especial con la celebraci\u00f3n de la <strong><span style=\"color: #339966\">I Carrera Solidaria<\/span><\/strong>, organizada con el objetivo de apoyar a la<span style=\"color: #339966\"> <strong>Asociaci\u00f3n ELA Andaluc\u00eda<\/strong><\/span>, que trabaja incansablemente para mejorar la calidad de vida de las personas afectadas por la Esclerosis Lateral Amiotr\u00f3fica (ELA).<\/p>\n<p align=\"justify\">Todo el alumnado del centro; <strong>INFANTIL, AULA ESPEC\u00cdFICA y PRIMARIA<\/strong> particip\u00f3 de la carrera<strong> con e<\/strong><strong>moci\u00f3n<\/strong><strong> y solidaridad<\/strong>.<\/p>\n<p align=\"justify\">El ambiente fue festivo y muy emotivo, lleno de ilusi\u00f3n, esfuerzo y compromiso. Ver a nuestro alumnado correr por una causa tan importante y que vivimos de manera tan cercana, fue, sin duda, una experiencia que quedar\u00e1 en nuestra memoria.<\/p>\n<p align=\"justify\">Nos complace anunciar que se ha recaudado un total de <strong>1.060,08 euros, <\/strong>que ir\u00e1n destinados \u00edntegramente a la Asociaci\u00f3n ELA Andaluc\u00eda.<\/p>\n<p align=\"justify\">Agradecemos a nuestro <strong>profe Fran<\/strong> la iniciativa, su compromiso y todo el trabajo para preparar la actividad, al <strong>Club de Senderismo Alcocer Serrano<\/strong>, a las <strong>Liebres Carpe\u00f1as, <\/strong>a la <strong>Polic\u00eda Local<\/strong> y a toda la <strong>comunidad educativa<\/strong> por el esfuerzo y la ilusi\u00f3n puesta en la actividad.<\/p>\n<p align=\"justify\">Esta carrera ha venido para quedarse, as\u00ed que \u00a1sigamos educando en valores y construyendo un mundo m\u00e1s solidario entre todos!<\/p>\nngg_shortcode_0_placeholder\n","protected":false},"excerpt":{"rendered":"<p>&nbsp; &nbsp; El 28 de mayo, nuestro colegio vivi\u00f3 una jornada muy especial con la celebraci\u00f3n de la I Carrera Solidaria, organizada con el objetivo de apoyar a la Asociaci\u00f3n ELA Andaluc\u00eda, que trabaja incansablemente para mejorar la calidad de vida de las personas afectadas por la Esclerosis Lateral Amiotr\u00f3fica (ELA). Todo el alumnado del [&hellip;]<\/p>\n","protected":false},"author":18798,"featured_media":0,"comment_status":"closed","ping_status":"closed","sticky":false,"template":"","format":"standard","meta":{"ngg_post_thumbnail":0,"footnotes":""},"categories":[29,3,28],"tags":[],"aioseo_notices":[],"_links":{"self":[{"href":"https:\/\/blogsaverroes.juntadeandalucia.es\/ceipramonycajal\/wp-json\/wp\/v2\/posts\/5071"}],"collection":[{"href":"https:\/\/blogsaverroes.juntadeandalucia.es\/ceipramonycajal\/wp-json\/wp\/v2\/posts"}],"about":[{"href":"https:\/\/blogsaverroes.juntadeandalucia.es\/ceipramonycajal\/wp-json\/wp\/v2\/types\/post"}],"author":[{"embeddable":true,"href":"https:\/\/blogsaverroes.juntadeandalucia.es\/ceipramonycajal\/wp-json\/wp\/v2\/users\/18798"}],"replies":[{"embeddable":true,"href":"https:\/\/blogsaverroes.juntadeandalucia.es\/ceipramonycajal\/wp-json\/wp\/v2\/comments?post=5071"}],"version-history":[{"count":7,"href":"https:\/\/blogsaverroes.juntadeandalucia.es\/ceipramonycajal\/wp-json\/wp\/v2\/posts\/5071\/revisions"}],"predecessor-version":[{"id":5232,"href":"https:\/\/blogsaverroes.juntadeandalucia.es\/ceipramonycajal\/wp-json\/wp\/v2\/posts\/5071\/revisions\/5232"}],"wp:attachment":[{"href":"https:\/\/blogsaverroes.juntadeandalucia.es\/ceipramonycajal\/wp-json\/wp\/v2\/media?parent=5071"}],"wp:term":[{"taxonomy":"category","embeddable":true,"href":"https:\/\/blogsaverroes.juntadeandalucia.es\/ceipramonycajal\/wp-json\/wp\/v2\/categories?post=5071"},{"taxonomy":"post_tag","embeddable":true,"href":"https:\/\/blogsaverroes.juntadeandalucia.es\/ceipramonycajal\/wp-json\/wp\/v2\/tags?post=5071"}],"curies":[{"name":"wp","href":"https:\/\/api.w.org\/{rel}","templated":true}]}}