{"id":5661,"date":"2025-06-29T12:15:11","date_gmt":"2025-06-29T11:15:11","guid":{"rendered":"https:\/\/blogsaverroes.juntadeandalucia.es\/ceipramonycajal\/?p=5661"},"modified":"2025-06-29T16:39:56","modified_gmt":"2025-06-29T15:39:56","slug":"fiesta-del-agua","status":"publish","type":"post","link":"https:\/\/blogsaverroes.juntadeandalucia.es\/ceipramonycajal\/fiesta-del-agua\/","title":{"rendered":"FIESTA DEL AGUA"},"content":{"rendered":"<p data-start=\"152\" data-end=\"333\"><img loading=\"lazy\" decoding=\"async\" class=\"aligncenter size-full wp-image-5662\" src=\"https:\/\/blogsaverroes.juntadeandalucia.es\/ceipramonycajal\/files\/2025\/06\/festa-de-laigua.jpg\" alt=\"\" width=\"400\" height=\"280\" srcset=\"https:\/\/blogsaverroes.juntadeandalucia.es\/ceipramonycajal\/files\/2025\/06\/festa-de-laigua.jpg 400w, https:\/\/blogsaverroes.juntadeandalucia.es\/ceipramonycajal\/files\/2025\/06\/festa-de-laigua-300x210.jpg 300w\" sizes=\"(max-width: 400px) 100vw, 400px\" \/><\/p>\n<p data-start=\"152\" data-end=\"333\">Los d\u00edas<strong> 20 y 23 de junio<\/strong> hemos celebrado en el colegio nuestra esperada <span style=\"color: #0000ff\"><strong data-start=\"217\" data-end=\"236\">Fiesta del Agua<\/strong><\/span>, una jornada llena de diversi\u00f3n, risas y juegos refrescantes para despedir el curso con alegr\u00eda.<\/p>\n<p data-start=\"335\" data-end=\"558\"><span style=\"color: #0000ff\"><strong data-start=\"335\" data-end=\"356\">Todos los alumnos<\/strong><\/span> participaron en diferentes actividades con agua, animadas por los alumnos de <strong data-start=\"448\" data-end=\"466\">6\u00ba de Primaria<\/strong>, que actuaron como monitores con gran entusiasmo y responsabilidad.<\/p>\n<p data-start=\"560\" data-end=\"802\">Hubo circuitos, carreras acu\u00e1ticas, juegos por equipos&#8230; Fue un d\u00eda inolvidable en el que <strong data-start=\"683\" data-end=\"710\">todos lo pasaron genial<\/strong>, disfrutando del agua y del esp\u00edritu de compa\u00f1erismo que caracteriza a nuestro cole.<\/p>\n<p data-start=\"560\" data-end=\"802\">Despu\u00e9s de los juegos, muchos de nuestros alumnos compartieron desayuno con los compa\u00f1eros.<\/p>\n<p data-start=\"804\" data-end=\"841\">Gracias a nuestros profes de educaci\u00f3n f\u00edsica Fran, Ra\u00fal y To\u00f1i, por organizar la actividad, y a todo el equipo educativo que hizo posible una refrescante jornada para el recuerdo.<\/p>\nngg_shortcode_0_placeholder\n<p data-start=\"804\" data-end=\"841\">&nbsp;<\/p>\n<hr data-start=\"843\" data-end=\"846\">\n","protected":false},"excerpt":{"rendered":"<p>Los d\u00edas 20 y 23 de junio hemos celebrado en el colegio nuestra esperada Fiesta del Agua, una jornada llena de diversi\u00f3n, risas y juegos refrescantes para despedir el curso con alegr\u00eda. Todos los alumnos participaron en diferentes actividades con agua, animadas por los alumnos de 6\u00ba de Primaria, que actuaron como monitores con gran [&hellip;]<\/p>\n","protected":false},"author":18798,"featured_media":0,"comment_status":"closed","ping_status":"closed","sticky":false,"template":"","format":"standard","meta":{"ngg_post_thumbnail":0,"footnotes":""},"categories":[29,28],"tags":[],"aioseo_notices":[],"_links":{"self":[{"href":"https:\/\/blogsaverroes.juntadeandalucia.es\/ceipramonycajal\/wp-json\/wp\/v2\/posts\/5661"}],"collection":[{"href":"https:\/\/blogsaverroes.juntadeandalucia.es\/ceipramonycajal\/wp-json\/wp\/v2\/posts"}],"about":[{"href":"https:\/\/blogsaverroes.juntadeandalucia.es\/ceipramonycajal\/wp-json\/wp\/v2\/types\/post"}],"author":[{"embeddable":true,"href":"https:\/\/blogsaverroes.juntadeandalucia.es\/ceipramonycajal\/wp-json\/wp\/v2\/users\/18798"}],"replies":[{"embeddable":true,"href":"https:\/\/blogsaverroes.juntadeandalucia.es\/ceipramonycajal\/wp-json\/wp\/v2\/comments?post=5661"}],"version-history":[{"count":3,"href":"https:\/\/blogsaverroes.juntadeandalucia.es\/ceipramonycajal\/wp-json\/wp\/v2\/posts\/5661\/revisions"}],"predecessor-version":[{"id":5793,"href":"https:\/\/blogsaverroes.juntadeandalucia.es\/ceipramonycajal\/wp-json\/wp\/v2\/posts\/5661\/revisions\/5793"}],"wp:attachment":[{"href":"https:\/\/blogsaverroes.juntadeandalucia.es\/ceipramonycajal\/wp-json\/wp\/v2\/media?parent=5661"}],"wp:term":[{"taxonomy":"category","embeddable":true,"href":"https:\/\/blogsaverroes.juntadeandalucia.es\/ceipramonycajal\/wp-json\/wp\/v2\/categories?post=5661"},{"taxonomy":"post_tag","embeddable":true,"href":"https:\/\/blogsaverroes.juntadeandalucia.es\/ceipramonycajal\/wp-json\/wp\/v2\/tags?post=5661"}],"curies":[{"name":"wp","href":"https:\/\/api.w.org\/{rel}","templated":true}]}}