{"id":5818,"date":"2025-04-30T09:00:57","date_gmt":"2025-04-30T08:00:57","guid":{"rendered":"https:\/\/blogsaverroes.juntadeandalucia.es\/ceipramonycajal\/?p=5818"},"modified":"2025-08-26T19:18:29","modified_gmt":"2025-08-26T18:18:29","slug":"matriculacion","status":"publish","type":"post","link":"https:\/\/blogsaverroes.juntadeandalucia.es\/ceipramonycajal\/matriculacion\/","title":{"rendered":"Matriculaci\u00f3n"},"content":{"rendered":"<!--themify_builder_content-->\n<div id=\"themify_builder_content-5818\" data-postid=\"5818\" class=\"themify_builder_content themify_builder_content-5818 themify_builder tf_clear\">\n                    <div  data-css_id=\"1zdh392\" data-lazy=\"1\" class=\"module_row themify_builder_row fullwidth tb_1zdh392 tb_first tf_w\">\n                        <div class=\"row_inner col_align_top tb_col_count_1 tf_box tf_rel\">\n                        <div  data-lazy=\"1\" class=\"module_column tb-column col-full tb_z5dg392 first\">\n                            <div  data-lazy=\"1\" class=\"module_subrow themify_builder_sub_row tf_w col_align_top tb_col_count_2 tb_0kmm242\">\n                <div  data-lazy=\"1\" class=\"module_column sub_column tb_u1lt242 first\">\n                    <!-- module buttons -->\n<div  class=\"module module-buttons tb_7yvv242 buttons-horizontal transparent  large circle\" data-lazy=\"1\">\n        <div class=\"module-buttons-item tf_in_flx\">\n                        <a href=\"https:\/\/www.juntadeandalucia.es\/educacion\/portales\/web\/escolarizacion\/infantil-a-bachillerato\" class=\"ui builder_button tf_in_flx tb_default_color\" target=\"_blank\" rel=\"noopener\">\n                                                Web de escolarizaci\u00f3n de la Junta de Andaluc\u00eda                                        <\/a>\n                <\/div>\n            <\/div>\n<!-- \/module buttons -->\n        <\/div>\n                    <div  data-lazy=\"1\" class=\"module_column sub_column tb_5h7m242 last\">\n                    <!-- module buttons -->\n<div  class=\"module module-buttons tb_4420242 buttons-horizontal transparent  large circle\" data-lazy=\"1\">\n        <div class=\"module-buttons-item tf_in_flx\">\n                        <a href=\"https:\/\/www.juntadeandalucia.es\/educacion\/secretariavirtual\/accesoTramite\/365\/\" class=\"ui builder_button tf_in_flx tb_default_color\" target=\"_blank\" rel=\"noopener\">\n                                                Rellenar la matr\u00edcula                                        <\/a>\n                <\/div>\n            <\/div>\n<!-- \/module buttons -->\n        <\/div>\n                    <\/div>\n                <div  data-lazy=\"1\" class=\"module_subrow themify_builder_sub_row tf_w col_align_top tb_col_count_1 tb_ieec392\">\n                <div  data-lazy=\"1\" class=\"module_column sub_column col-full tb_pkxg392 first\">\n                    <!-- module text -->\n<div  class=\"module module-text tb_bow6392    wow\" data-tf-animation=\"flash\" data-tf-animation_repeat=\"10\" data-lazy=\"1\">\n        <div  class=\"tb_text_wrap\">\n        <h1 style=\"text-align: center\"><span style=\"color: #ff0000;font-size: 90px\">Del 1 al 9 de junio<\/span><\/h1>    <\/div>\n<\/div>\n<!-- \/module text -->        <\/div>\n                    <\/div>\n                <div  data-lazy=\"1\" class=\"module_subrow themify_builder_sub_row tf_w col_align_middle tb_col_count_2 tb_8280392\">\n                <div  data-lazy=\"1\" class=\"module_column sub_column col4-2 tb_qo08392 first\">\n                    <!-- module text -->\n<div  class=\"module module-text tb_zh72392   \" data-lazy=\"1\">\n        <div  class=\"tb_text_wrap\">\n        <h4 style=\"text-align: justify\"><span style=\"color: #000000;font-size: 36px\"><strong>El proceso de MATRICULACI\u00d3N es para<\/strong>:<\/span><\/h4>\n<ul style=\"text-align: justify\">\n<li style=\"text-align: left\">\n<h4><span style=\"color: #000000;font-size: 36px\">tod@s l@s alumn@s del colegio (menos los que terminan 6\u00ba y el pr\u00f3ximo a\u00f1o ir\u00e1n al instituto)<\/span><\/h4>\n<\/li>\n<li style=\"text-align: left\">\n<h4><span style=\"color: #000000;font-size: 36px\">l@s alumn@s que el pr\u00f3ximo curso empiecen infantil de 3 a\u00f1os (da igual que hayan estado o no en guarder\u00eda).<\/span><\/h4>\n<\/li>\n<\/ul>    <\/div>\n<\/div>\n<!-- \/module text --><!-- module text -->\n<div  class=\"module module-text tb_9qm6392    wow\" data-tf-animation=\"flash\" data-lazy=\"1\">\n        <div  class=\"tb_text_wrap\">\n            <\/div>\n<\/div>\n<!-- \/module text -->        <\/div>\n                    <div  data-lazy=\"1\" class=\"module_column sub_column col4-2 tb_orq5392 last\">\n                    <!-- module text -->\n<div  class=\"module module-text tb_y3nz392   \" data-lazy=\"1\">\n        <div  class=\"tb_text_wrap\">\n        <div style=\"width: 100%\">\n<div style=\"position: relative;padding-bottom: 56.25%;padding-top: 0;height: 0\"><iframe loading=\"lazy\" src=\"https:\/\/view.genially.com\/6834a56d33a9a024d7ba84a8\" width=\"1200\" height=\"500\" frameborder=\"0\" scrolling=\"yes\"><\/iframe><\/div>\n<\/div>\n    <\/div>\n<\/div>\n<!-- \/module text -->        <\/div>\n                    <\/div>\n                <\/div>\n                        <\/div>\n        <\/div>\n        <\/div>\n<!--\/themify_builder_content-->&nbsp;<\/p>\n<p>&nbsp;<\/p>\n<p>&nbsp;<\/p>\n<p>&nbsp;<\/p>","protected":false},"excerpt":{"rendered":"<p>Web de escolarizaci\u00f3n de la Junta de Andaluc\u00eda Rellenar la matr\u00edcula Del 1 al 9 de junio DOCUMENTACI\u00d3N A PRESENTAR TUTOR\u00cdAL proceso de matriculaci\u00f3n telem\u00e1tico El proceso de MATRICULACI\u00d3N es para: tod@s l@s alumn@s del colegio (menos los que terminan 6\u00ba y el pr\u00f3ximo a\u00f1o ir\u00e1n al instituto) l@s alumn@s que el pr\u00f3ximo curso empiecen [&hellip;]<\/p>\n","protected":false},"author":5333,"featured_media":5806,"comment_status":"closed","ping_status":"closed","sticky":false,"template":"","format":"standard","meta":{"ngg_post_thumbnail":0,"footnotes":""},"categories":[21],"tags":[],"aioseo_notices":[],"_links":{"self":[{"href":"https:\/\/blogsaverroes.juntadeandalucia.es\/ceipramonycajal\/wp-json\/wp\/v2\/posts\/5818"}],"collection":[{"href":"https:\/\/blogsaverroes.juntadeandalucia.es\/ceipramonycajal\/wp-json\/wp\/v2\/posts"}],"about":[{"href":"https:\/\/blogsaverroes.juntadeandalucia.es\/ceipramonycajal\/wp-json\/wp\/v2\/types\/post"}],"author":[{"embeddable":true,"href":"https:\/\/blogsaverroes.juntadeandalucia.es\/ceipramonycajal\/wp-json\/wp\/v2\/users\/5333"}],"replies":[{"embeddable":true,"href":"https:\/\/blogsaverroes.juntadeandalucia.es\/ceipramonycajal\/wp-json\/wp\/v2\/comments?post=5818"}],"version-history":[{"count":30,"href":"https:\/\/blogsaverroes.juntadeandalucia.es\/ceipramonycajal\/wp-json\/wp\/v2\/posts\/5818\/revisions"}],"predecessor-version":[{"id":5862,"href":"https:\/\/blogsaverroes.juntadeandalucia.es\/ceipramonycajal\/wp-json\/wp\/v2\/posts\/5818\/revisions\/5862"}],"wp:featuredmedia":[{"embeddable":true,"href":"https:\/\/blogsaverroes.juntadeandalucia.es\/ceipramonycajal\/wp-json\/wp\/v2\/media\/5806"}],"wp:attachment":[{"href":"https:\/\/blogsaverroes.juntadeandalucia.es\/ceipramonycajal\/wp-json\/wp\/v2\/media?parent=5818"}],"wp:term":[{"taxonomy":"category","embeddable":true,"href":"https:\/\/blogsaverroes.juntadeandalucia.es\/ceipramonycajal\/wp-json\/wp\/v2\/categories?post=5818"},{"taxonomy":"post_tag","embeddable":true,"href":"https:\/\/blogsaverroes.juntadeandalucia.es\/ceipramonycajal\/wp-json\/wp\/v2\/tags?post=5818"}],"curies":[{"name":"wp","href":"https:\/\/api.w.org\/{rel}","templated":true}]}}