{"id":5853,"date":"2024-08-30T09:00:29","date_gmt":"2024-08-30T08:00:29","guid":{"rendered":"https:\/\/blogsaverroes.juntadeandalucia.es\/ceipramonycajal\/?p=5853"},"modified":"2025-08-31T07:15:29","modified_gmt":"2025-08-31T06:15:29","slug":"bonificaciones","status":"publish","type":"post","link":"https:\/\/blogsaverroes.juntadeandalucia.es\/ceipramonycajal\/bonificaciones\/","title":{"rendered":"Bonificaciones"},"content":{"rendered":"<!--themify_builder_content-->\n<div id=\"themify_builder_content-5853\" data-postid=\"5853\" class=\"themify_builder_content themify_builder_content-5853 themify_builder tf_clear\">\n                    <div  data-css_id=\"5nlw466\" data-lazy=\"1\" class=\"module_row themify_builder_row fullwidth tb_5nlw466 tb_first tf_w\">\n                        <div class=\"row_inner col_align_top tb_col_count_1 tf_box tf_rel\">\n                        <div  data-lazy=\"1\" class=\"module_column tb-column col-full tb_6525466 first\">\n                    <!-- module text -->\n<div  class=\"module module-text tb_iegy466    wow\" data-tf-animation=\"flash\" data-tf-animation_repeat=\"10\" data-lazy=\"1\">\n        <div  class=\"tb_text_wrap\">\n        <h1 style=\"text-align: center\"><span style=\"color: #ff0000\"><strong>Del 1 al 8 de septiembre<\/strong><\/span><\/h1>\n    <\/div>\n<\/div>\n<!-- \/module text -->        <\/div>\n                        <\/div>\n        <\/div>\n                        <div  data-css_id=\"r4gh730\" data-lazy=\"1\" class=\"module_row themify_builder_row fullwidth tb_r4gh730 tf_w\">\n                        <div class=\"row_inner col_align_top tb_col_count_2 tf_box tf_rel\">\n                        <div  data-lazy=\"1\" class=\"module_column tb-column col4-2 tb_q5f2730 first\">\n                    <!-- module buttons -->\n<div  class=\"module module-buttons tb_cgpb730 buttons-horizontal transparent  large circle\" data-lazy=\"1\">\n        <div class=\"module-buttons-item tf_in_flx\">\n                        <a href=\"https:\/\/www.juntadeandalucia.es\/servicios\/sede\/tramites\/procedimientos\/detalle\/25586.html\" class=\"ui builder_button tf_in_flx tb_default_color\" target=\"_blank\" rel=\"noopener\">\n                                                Web de gratuidad\/bonificaci\u00f3n de la Junta de Andaluc\u00eda                                        <\/a>\n                <\/div>\n            <\/div>\n<!-- \/module buttons -->\n        <\/div>\n                    <div  data-lazy=\"1\" class=\"module_column tb-column col4-2 tb_dd7z730 last\">\n                    <!-- module buttons -->\n<div  class=\"module module-buttons tb_n8kk730 buttons-horizontal transparent  large circle\" data-lazy=\"1\">\n        <div class=\"module-buttons-item tf_in_flx\">\n                        <a href=\"https:\/\/www.juntadeandalucia.es\/educacion\/secretariavirtual\/accesoTramite\/381\/\" class=\"ui builder_button tf_in_flx tb_default_color\" target=\"_blank\" rel=\"noopener\">\n                                                Rellenar la bonificaci\u00f3n                                        <\/a>\n                <\/div>\n            <\/div>\n<!-- \/module buttons -->\n        <\/div>\n                        <\/div>\n        <\/div>\n                        <div  data-css_id=\"aum3362\" data-lazy=\"1\" class=\"module_row themify_builder_row fullwidth tb_aum3362 tf_w\">\n                        <div class=\"row_inner col_align_top tb_col_count_1 tf_box tf_rel\">\n                        <div  data-lazy=\"1\" class=\"module_column tb-column col-full tb_zq3e362 first\">\n                            <div  data-lazy=\"1\" class=\"module_subrow themify_builder_sub_row tf_w col_align_middle col_auto_height tb_col_count_2 tb_sokj362\">\n                <div  data-lazy=\"1\" class=\"module_column sub_column tb_mdjn733 first\">\n                    <!-- module text -->\n<div  class=\"module module-text tb_jkpb733   \" data-lazy=\"1\">\n        <div  class=\"tb_text_wrap\">\n        <p style=\"text-align: justify\"><span style=\"font-size: 21px\"><strong><span style=\"color: #000000\">La solicitud de bonificaci\u00f3n de los servicios complementarios pueden presentarla todas las familias que en junio solicitaron aula matinal, comedor o actividades extraescolares y deseen recibir una ayuda econ\u00f3mica de la Junta de Andaluc\u00eda.<\/span><\/strong><\/span><\/p>\n<p style=\"text-align: justify\"><span style=\"color: #000000;font-size: 21px\"><span style=\"color: #ff0000\"><strong>La solicitud es totalmente VOLUNTARIA<\/strong><\/span>. Las familias que no la presenten, simplemente, abonar\u00e1n el 100% del servicio solicitado en el mes de junio.<\/span><\/p>\n<p style=\"text-align: justify\"><span style=\"color: #000000;font-size: 21px\">El acuerdo del Consejo de Gobierno Andaluz de 30 de julio de 2024, establece los precios p\u00fablicos de los servicios de aula matinal y actividades extraescolares y del comedor escolar, respectivamente, en los centros docentes p\u00fablicos de Andaluc\u00eda.<\/span><\/p>\n<p style=\"text-align: justify\"><span style=\"color: #000000;font-size: 21px\">Tras el acuerdo del Consejo de Gobierno <strong>los precios quedan como sigue<\/strong>:<\/span><\/p>\n<table style=\"width: 100.171%;border-collapse: collapse;border-style: solid;border-color: #000000\">\n<tbody>\n<tr style=\"border-style: solid;border-color: #050505\">\n<td style=\"width: 27.5692%;text-align: center;border-style: solid;border-color: #000000\" colspan=\"2\"><span style=\"color: #000000;font-size: 21px\">AULA MATINAL<\/span><\/td>\n<td style=\"width: 30.5505%;border-style: solid;border-color: #000000;text-align: center\"><span style=\"color: #000000;font-size: 21px\">COMEDOR<\/span><\/td>\n<td style=\"border-style: solid;border-color: #000000;text-align: center\" colspan=\"2\"><span style=\"color: #000000;font-size: 21px\">AAEE<\/span><\/td>\n<\/tr>\n<tr style=\"border-style: solid;border-color: #050505\">\n<td style=\"width: 13.086%;text-align: center\"><span style=\"color: #000000;font-size: 21px\">Diario<\/span><\/td>\n<td style=\"width: 14.4832%;text-align: center;border-style: solid;border-color: #000000\"><span style=\"color: #000000;font-size: 21px\">Mensual<\/span><\/td>\n<td style=\"width: 30.5505%;text-align: center;border-style: solid;border-color: #000000\"><span style=\"color: #000000;font-size: 21px\">Diario<\/span><\/td>\n<td style=\"width: 6.95122%;text-align: center;border-style: solid;border-color: #000000\" colspan=\"2\"><span style=\"color: #000000;font-size: 21px\">Mensual<\/span><\/td>\n<\/tr>\n<tr style=\"border-style: solid;border-color: #050505\">\n<td style=\"width: 13.086%;text-align: center\"><span style=\"color: #000000;font-size: 21px\">1,33 \u20ac<\/span><\/td>\n<td style=\"width: 14.4832%;text-align: center;border-style: solid;border-color: #000000\"><span style=\"color: #000000;font-size: 21px\">17,51 \u20ac<\/span><\/td>\n<td style=\"width: 30.5505%;text-align: center;border-style: solid;border-color: #000000\"><span style=\"color: #000000;font-size: 21px\">5,54 \u20ac<\/span><\/td>\n<td style=\"width: 6.95122%;text-align: center;border-style: solid;border-color: #000000\" colspan=\"2\"><span style=\"color: #000000;font-size: 21px\">17,51 \u20ac<\/span><\/td>\n<\/tr>\n<\/tbody>\n<\/table>\n<p style=\"text-align: justify\"><span style=\"color: #ff0000;font-size: 21px\"><strong>Estos precios p\u00fablicos podr\u00e1n verse disminuidos en funci\u00f3n de la bonificaci\u00f3n obtenida por cada familia solicitante de dicha ayuda.<\/strong><\/span><\/p>\n<p style=\"text-align: justify\"><span style=\"font-size: 21px;color: #000000\">A mediados\/finales del mes de octubre se conocen las bonificaciones provisionales.<\/span><\/p>\n<p style=\"text-align: justify\"><span style=\"font-size: 21px;color: #000000\">Tras el plazo de alegaciones (10 d\u00edas h\u00e1biles), las bonificaciones definitivas ser\u00e1n comunicadas a las familias a trav\u00e9s del punto de recogida en iPasen.<\/span><\/p>    <\/div>\n<\/div>\n<!-- \/module text -->        <\/div>\n                    <div  data-lazy=\"1\" class=\"module_column sub_column tb_lh4e362 last\">\n                    <!-- module text -->\n<div  class=\"module module-text tb_dw3j362   \" data-lazy=\"1\">\n        <div  class=\"tb_text_wrap\">\n        <h1 style=\"text-align: center\"><strong>TUTORIAL DE AYUDA<\/strong><\/h1>\n<div style=\"width: 100%\">\n<div style=\"position: relative;padding-bottom: 56.25%;padding-top: 0;height: 0\"><iframe loading=\"lazy\" src=\"\/\/view.genially.com\/68adfad1d8b2bf55d904f6e3\" width=\"1200\" height=\"350\" frameborder=\"0\" scrolling=\"yes\"><\/iframe><\/div>\n<\/div>\n    <\/div>\n<\/div>\n<!-- \/module text -->        <\/div>\n                    <\/div>\n                <\/div>\n                        <\/div>\n        <\/div>\n        <\/div>\n<!--\/themify_builder_content-->&nbsp;<\/p>\n<p>&nbsp;<\/p>","protected":false},"excerpt":{"rendered":"<p>Del 1 al 8 de septiembre Web de gratuidad\/bonificaci\u00f3n de la Junta de Andaluc\u00eda Rellenar la bonificaci\u00f3n La solicitud de bonificaci\u00f3n de los servicios complementarios pueden presentarla todas las familias que en junio solicitaron aula matinal, comedor o actividades extraescolares y deseen recibir una ayuda econ\u00f3mica de la Junta de Andaluc\u00eda. La solicitud es totalmente [&hellip;]<\/p>\n","protected":false},"author":5333,"featured_media":5808,"comment_status":"closed","ping_status":"closed","sticky":false,"template":"","format":"standard","meta":{"ngg_post_thumbnail":0,"footnotes":""},"categories":[19],"tags":[],"aioseo_notices":[],"_links":{"self":[{"href":"https:\/\/blogsaverroes.juntadeandalucia.es\/ceipramonycajal\/wp-json\/wp\/v2\/posts\/5853"}],"collection":[{"href":"https:\/\/blogsaverroes.juntadeandalucia.es\/ceipramonycajal\/wp-json\/wp\/v2\/posts"}],"about":[{"href":"https:\/\/blogsaverroes.juntadeandalucia.es\/ceipramonycajal\/wp-json\/wp\/v2\/types\/post"}],"author":[{"embeddable":true,"href":"https:\/\/blogsaverroes.juntadeandalucia.es\/ceipramonycajal\/wp-json\/wp\/v2\/users\/5333"}],"replies":[{"embeddable":true,"href":"https:\/\/blogsaverroes.juntadeandalucia.es\/ceipramonycajal\/wp-json\/wp\/v2\/comments?post=5853"}],"version-history":[{"count":19,"href":"https:\/\/blogsaverroes.juntadeandalucia.es\/ceipramonycajal\/wp-json\/wp\/v2\/posts\/5853\/revisions"}],"predecessor-version":[{"id":5894,"href":"https:\/\/blogsaverroes.juntadeandalucia.es\/ceipramonycajal\/wp-json\/wp\/v2\/posts\/5853\/revisions\/5894"}],"wp:featuredmedia":[{"embeddable":true,"href":"https:\/\/blogsaverroes.juntadeandalucia.es\/ceipramonycajal\/wp-json\/wp\/v2\/media\/5808"}],"wp:attachment":[{"href":"https:\/\/blogsaverroes.juntadeandalucia.es\/ceipramonycajal\/wp-json\/wp\/v2\/media?parent=5853"}],"wp:term":[{"taxonomy":"category","embeddable":true,"href":"https:\/\/blogsaverroes.juntadeandalucia.es\/ceipramonycajal\/wp-json\/wp\/v2\/categories?post=5853"},{"taxonomy":"post_tag","embeddable":true,"href":"https:\/\/blogsaverroes.juntadeandalucia.es\/ceipramonycajal\/wp-json\/wp\/v2\/tags?post=5853"}],"curies":[{"name":"wp","href":"https:\/\/api.w.org\/{rel}","templated":true}]}}