{"id":5954,"date":"2025-11-15T17:50:02","date_gmt":"2025-11-15T16:50:02","guid":{"rendered":"https:\/\/blogsaverroes.juntadeandalucia.es\/ceipramonycajal\/?p=5954"},"modified":"2025-11-15T17:50:02","modified_gmt":"2025-11-15T16:50:02","slug":"halloween-2","status":"publish","type":"post","link":"https:\/\/blogsaverroes.juntadeandalucia.es\/ceipramonycajal\/halloween-2\/","title":{"rendered":"HALLOWEEN"},"content":{"rendered":"<p data-start=\"243\" data-end=\"592\"><img loading=\"lazy\" decoding=\"async\" class=\"aligncenter  wp-image-6096\" src=\"https:\/\/blogsaverroes.juntadeandalucia.es\/ceipramonycajal\/files\/2025\/11\/WhatsApp-Image-2025-11-15-at-17.46.35-724x1024.jpeg\" alt=\"\" width=\"457\" height=\"646\" srcset=\"https:\/\/blogsaverroes.juntadeandalucia.es\/ceipramonycajal\/files\/2025\/11\/WhatsApp-Image-2025-11-15-at-17.46.35-724x1024.jpeg 724w, https:\/\/blogsaverroes.juntadeandalucia.es\/ceipramonycajal\/files\/2025\/11\/WhatsApp-Image-2025-11-15-at-17.46.35-212x300.jpeg 212w, https:\/\/blogsaverroes.juntadeandalucia.es\/ceipramonycajal\/files\/2025\/11\/WhatsApp-Image-2025-11-15-at-17.46.35-768x1086.jpeg 768w, https:\/\/blogsaverroes.juntadeandalucia.es\/ceipramonycajal\/files\/2025\/11\/WhatsApp-Image-2025-11-15-at-17.46.35-1087x1536.jpeg 1087w, https:\/\/blogsaverroes.juntadeandalucia.es\/ceipramonycajal\/files\/2025\/11\/WhatsApp-Image-2025-11-15-at-17.46.35.jpeg 1132w\" sizes=\"(max-width: 457px) 100vw, 457px\" \/><\/p>\n<p data-start=\"243\" data-end=\"592\">Durante la \u00faltima semana de octubre, nuestro colegio se ha llenado de magia, color y un poquito de susto con motivo de la celebraci\u00f3n de <span style=\"color: #ff6600\"><strong data-start=\"364\" data-end=\"377\">Halloween<\/strong>.<\/span><\/p>\n<p data-start=\"243\" data-end=\"592\">Ha sido una experiencia fant\u00e1stica organizada por el <strong data-start=\"432\" data-end=\"452\">equipo de Ingl\u00e9s<\/strong>, en colaboraci\u00f3n con la <strong data-start=\"477\" data-end=\"499\">Biblioteca Escolar<\/strong>, y con la participaci\u00f3n de <strong data-start=\"527\" data-end=\"589\">todo el profesorado, el personal del centro y las familias<\/strong>.<\/p>\n<p data-start=\"594\" data-end=\"755\">A lo largo de los d\u00edas, hemos disfrutado de m\u00faltiples actividades que han hecho que el cole se transforme en un lugar lleno de creatividad y diversi\u00f3n:<\/p>\n<p data-start=\"757\" data-end=\"1623\"><strong>&#8211; <\/strong><strong data-start=\"761\" data-end=\"787\">Decoraci\u00f3n de puertas:<\/strong> Las familias han participado para convertir las puertas de las aulas en aut\u00e9nticas obras de arte terror\u00edficas. \u00a1Much\u00edsimas gracias a todas ellas por su esfuerzo, ilusi\u00f3n y creatividad!<br data-start=\"990\" data-end=\"993\"><strong>&#8211; <\/strong><strong data-start=\"997\" data-end=\"1032\">Decoraci\u00f3n de aulas y pasillos:<\/strong> El alumnado, junto a sus profesores, ha llenado los pasillos de murci\u00e9lagos, calabazas, fantasmas y todo tipo de elementos t\u00edpicos de esta festividad.<br data-start=\"1183\" data-end=\"1186\"><strong>&#8211; <\/strong><strong data-start=\"1189\" data-end=\"1213\">Lecturas en familia:<\/strong> Desde la biblioteca se han organizado encantadoras sesiones de lectura compartida, donde hemos disfrutado de cuentos y relatos ambientados en monstruos, brujas y criaturas incre\u00edbles.<br data-start=\"1366\" data-end=\"1369\"><strong>&#8211; <\/strong><strong data-start=\"1375\" data-end=\"1411\">Desfile y concurso de disfraces:<\/strong> El <strong data-start=\"1415\" data-end=\"1440\" data-is-only-node=\"\">viernes 31 de octubre<\/strong> tuvo lugar el esperado desfile. Ni\u00f1os, ni\u00f1as y adultos desfilaron mostrando su creatividad con disfraces originales y divertidos.&nbsp;<\/p>\n<p data-start=\"757\" data-end=\"1623\">Para finalizar la actividad se hizo entrega de un DIPLOMA para cada puerta decorada y los premios a los disfraces en las diferentes categor\u00edas.&nbsp;<\/p>\n<p data-start=\"1625\" data-end=\"1950\">Queremos <strong data-start=\"1634\" data-end=\"1724\">agradecer sinceramente la participaci\u00f3n y el entusiasmo de toda la comunidad educativa<\/strong>: alumnado, familias, profesorado y personal no docente.<br data-start=\"1780\" data-end=\"1783\">Un agradecimiento especial al <strong data-start=\"1813\" data-end=\"1821\">AMPA<\/strong> por su colaboraci\u00f3n y apoyo en las diferentes actividades, que han contribuido a que esta celebraci\u00f3n haya sido todo un \u00e9xito.<\/p>\nngg_shortcode_0_placeholder\n<p data-start=\"1625\" data-end=\"1950\">&nbsp;<\/p>\n","protected":false},"excerpt":{"rendered":"<p>Durante la \u00faltima semana de octubre, nuestro colegio se ha llenado de magia, color y un poquito de susto con motivo de la celebraci\u00f3n de Halloween. Ha sido una experiencia fant\u00e1stica organizada por el equipo de Ingl\u00e9s, en colaboraci\u00f3n con la Biblioteca Escolar, y con la participaci\u00f3n de todo el profesorado, el personal del centro [&hellip;]<\/p>\n","protected":false},"author":18798,"featured_media":0,"comment_status":"closed","ping_status":"closed","sticky":false,"template":"","format":"standard","meta":{"ngg_post_thumbnail":0,"footnotes":""},"categories":[43,30,3,28],"tags":[],"aioseo_notices":[],"_links":{"self":[{"href":"https:\/\/blogsaverroes.juntadeandalucia.es\/ceipramonycajal\/wp-json\/wp\/v2\/posts\/5954"}],"collection":[{"href":"https:\/\/blogsaverroes.juntadeandalucia.es\/ceipramonycajal\/wp-json\/wp\/v2\/posts"}],"about":[{"href":"https:\/\/blogsaverroes.juntadeandalucia.es\/ceipramonycajal\/wp-json\/wp\/v2\/types\/post"}],"author":[{"embeddable":true,"href":"https:\/\/blogsaverroes.juntadeandalucia.es\/ceipramonycajal\/wp-json\/wp\/v2\/users\/18798"}],"replies":[{"embeddable":true,"href":"https:\/\/blogsaverroes.juntadeandalucia.es\/ceipramonycajal\/wp-json\/wp\/v2\/comments?post=5954"}],"version-history":[{"count":2,"href":"https:\/\/blogsaverroes.juntadeandalucia.es\/ceipramonycajal\/wp-json\/wp\/v2\/posts\/5954\/revisions"}],"predecessor-version":[{"id":6098,"href":"https:\/\/blogsaverroes.juntadeandalucia.es\/ceipramonycajal\/wp-json\/wp\/v2\/posts\/5954\/revisions\/6098"}],"wp:attachment":[{"href":"https:\/\/blogsaverroes.juntadeandalucia.es\/ceipramonycajal\/wp-json\/wp\/v2\/media?parent=5954"}],"wp:term":[{"taxonomy":"category","embeddable":true,"href":"https:\/\/blogsaverroes.juntadeandalucia.es\/ceipramonycajal\/wp-json\/wp\/v2\/categories?post=5954"},{"taxonomy":"post_tag","embeddable":true,"href":"https:\/\/blogsaverroes.juntadeandalucia.es\/ceipramonycajal\/wp-json\/wp\/v2\/tags?post=5954"}],"curies":[{"name":"wp","href":"https:\/\/api.w.org\/{rel}","templated":true}]}}