{"id":7624,"date":"2026-03-22T20:44:03","date_gmt":"2026-03-22T19:44:03","guid":{"rendered":"https:\/\/blogsaverroes.juntadeandalucia.es\/ceipramonycajal\/?p=7624"},"modified":"2026-03-22T20:44:03","modified_gmt":"2026-03-22T19:44:03","slug":"8m-dia-de-la-mujer","status":"publish","type":"post","link":"https:\/\/blogsaverroes.juntadeandalucia.es\/ceipramonycajal\/8m-dia-de-la-mujer\/","title":{"rendered":"8M: D\u00eda de la mujer"},"content":{"rendered":"<p><img loading=\"lazy\" decoding=\"async\" class=\"aligncenter size-full wp-image-7642\" src=\"https:\/\/blogsaverroes.juntadeandalucia.es\/ceipramonycajal\/files\/2026\/03\/MUJER.jpeg\" alt=\"\" width=\"299\" height=\"168\"><\/p>\n<p class=\"isSelectedEnd\">Con motivo del <span style=\"color: #ff00ff\"><strong>D\u00eda Internacional de la Mujer<\/strong><\/span>, en nuestro colegio hemos llevado a cabo una jornada especial de reflexi\u00f3n y aprendizaje en torno a la igualdad.<\/p>\n<p class=\"isSelectedEnd\">A lo largo del d\u00eda, se ha elaborado y le\u00eddo un manifiesto en todas las aulas del centro. En \u00e9l, se ha destacado la importancia de garantizar la igualdad de derechos y oportunidades entre ni\u00f1os y ni\u00f1as, poniendo el foco en el respeto mutuo como base fundamental para la convivencia. Este acto com\u00fan ha permitido que todo el alumnado compartiera un mismo mensaje, adaptado a cada nivel educativo.<\/p>\n<p class=\"isSelectedEnd\">En el trabajo de aula, el alumnado ha profundizado en la figura del personaje de Pipi Calzaslargas, analiz\u00e1ndola como un referente de mujer que romp\u00eda con los estereotipos tradicionales. A trav\u00e9s de diferentes actividades, se ha reflexionado sobre valores como la independencia, la valent\u00eda y la libertad de ser uno mismo, fomentando el pensamiento cr\u00edtico desde edades tempranas.<\/p>\n<p class=\"isSelectedEnd\">Por otro lado, hemos celebrado una nueva sesi\u00f3n de nuestro programa de \u201cLecturas en familia\u201d, en la que las familias han tenido un papel protagonista. Han participado activamente en la jornada mediante la dramatizaci\u00f3n de cuentos centrados en la igualdad, creando un espacio compartido de aprendizaje, emoci\u00f3n y convivencia.<\/p>\n<p>Desde el centro, agradecemos la implicaci\u00f3n de toda la comunidad educativa en este tipo de iniciativas que contribuyen a formar una sociedad m\u00e1s justa e igualitaria.<\/p>\nngg_shortcode_0_placeholder\n","protected":false},"excerpt":{"rendered":"<p>Con motivo del D\u00eda Internacional de la Mujer, en nuestro colegio hemos llevado a cabo una jornada especial de reflexi\u00f3n y aprendizaje en torno a la igualdad. A lo largo del d\u00eda, se ha elaborado y le\u00eddo un manifiesto en todas las aulas del centro. En \u00e9l, se ha destacado la importancia de garantizar la [&hellip;]<\/p>\n","protected":false},"author":18798,"featured_media":0,"comment_status":"closed","ping_status":"closed","sticky":false,"template":"","format":"standard","meta":{"ngg_post_thumbnail":0,"footnotes":""},"categories":[43,28],"tags":[],"aioseo_notices":[],"_links":{"self":[{"href":"https:\/\/blogsaverroes.juntadeandalucia.es\/ceipramonycajal\/wp-json\/wp\/v2\/posts\/7624"}],"collection":[{"href":"https:\/\/blogsaverroes.juntadeandalucia.es\/ceipramonycajal\/wp-json\/wp\/v2\/posts"}],"about":[{"href":"https:\/\/blogsaverroes.juntadeandalucia.es\/ceipramonycajal\/wp-json\/wp\/v2\/types\/post"}],"author":[{"embeddable":true,"href":"https:\/\/blogsaverroes.juntadeandalucia.es\/ceipramonycajal\/wp-json\/wp\/v2\/users\/18798"}],"replies":[{"embeddable":true,"href":"https:\/\/blogsaverroes.juntadeandalucia.es\/ceipramonycajal\/wp-json\/wp\/v2\/comments?post=7624"}],"version-history":[{"count":1,"href":"https:\/\/blogsaverroes.juntadeandalucia.es\/ceipramonycajal\/wp-json\/wp\/v2\/posts\/7624\/revisions"}],"predecessor-version":[{"id":7643,"href":"https:\/\/blogsaverroes.juntadeandalucia.es\/ceipramonycajal\/wp-json\/wp\/v2\/posts\/7624\/revisions\/7643"}],"wp:attachment":[{"href":"https:\/\/blogsaverroes.juntadeandalucia.es\/ceipramonycajal\/wp-json\/wp\/v2\/media?parent=7624"}],"wp:term":[{"taxonomy":"category","embeddable":true,"href":"https:\/\/blogsaverroes.juntadeandalucia.es\/ceipramonycajal\/wp-json\/wp\/v2\/categories?post=7624"},{"taxonomy":"post_tag","embeddable":true,"href":"https:\/\/blogsaverroes.juntadeandalucia.es\/ceipramonycajal\/wp-json\/wp\/v2\/tags?post=7624"}],"curies":[{"name":"wp","href":"https:\/\/api.w.org\/{rel}","templated":true}]}}