{"id":7970,"date":"2026-05-01T17:58:37","date_gmt":"2026-05-01T16:58:37","guid":{"rendered":"https:\/\/blogsaverroes.juntadeandalucia.es\/ceipramonycajal\/?p=7970"},"modified":"2026-05-01T17:58:37","modified_gmt":"2026-05-01T16:58:37","slug":"cuentos-de-maricastana","status":"publish","type":"post","link":"https:\/\/blogsaverroes.juntadeandalucia.es\/ceipramonycajal\/cuentos-de-maricastana\/","title":{"rendered":"CUENTOS DE MARICASTA\u00d1A"},"content":{"rendered":"<p class=\"isSelectedEnd\">Dentro de la programaci\u00f3n de nuestra <strong>Semana Cultural<\/strong>, el alumnado de Infantil, Aula Espec\u00edfica, y de 1\u00ba, 2\u00ba, 3\u00ba y 4\u00ba de Educaci\u00f3n Primaria realiz\u00f3 una salida a la <strong>Biblioteca Municipal<\/strong>.<\/p>\n<p class=\"isSelectedEnd\">Durante la visita, los ni\u00f1os y ni\u00f1as disfrutaron de un divertido cuentacuentos a cargo de <span style=\"color: #ff0000\"><strong>Maricasta\u00f1a<\/strong><\/span>, que logr\u00f3 captar su atenci\u00f3n desde el primer momento. A trav\u00e9s de historias llenas de imaginaci\u00f3n, humor y participaci\u00f3n, el alumnado vivi\u00f3 una experiencia muy enriquecedora que foment\u00f3 el gusto por la lectura y la escucha activa.<\/p>\n<p>Fue una actividad muy entretenida en la que no faltaron las risas, la sorpresa y la ilusi\u00f3n. Sin duda, una experiencia que recordaremos con mucho cari\u00f1o.<\/p>\n<p>&nbsp;<\/p>\n","protected":false},"excerpt":{"rendered":"<p>Dentro de la programaci\u00f3n de nuestra Semana Cultural, el alumnado de Infantil, Aula Espec\u00edfica, y de 1\u00ba, 2\u00ba, 3\u00ba y 4\u00ba de Educaci\u00f3n Primaria realiz\u00f3 una salida a la Biblioteca Municipal. Durante la visita, los ni\u00f1os y ni\u00f1as disfrutaron de un divertido cuentacuentos a cargo de Maricasta\u00f1a, que logr\u00f3 captar su atenci\u00f3n desde el primer [&hellip;]<\/p>\n","protected":false},"author":18798,"featured_media":0,"comment_status":"closed","ping_status":"closed","sticky":false,"template":"","format":"standard","meta":{"ngg_post_thumbnail":0,"footnotes":""},"categories":[10,43,11,12,13,30,26],"tags":[],"aioseo_notices":[],"_links":{"self":[{"href":"https:\/\/blogsaverroes.juntadeandalucia.es\/ceipramonycajal\/wp-json\/wp\/v2\/posts\/7970"}],"collection":[{"href":"https:\/\/blogsaverroes.juntadeandalucia.es\/ceipramonycajal\/wp-json\/wp\/v2\/posts"}],"about":[{"href":"https:\/\/blogsaverroes.juntadeandalucia.es\/ceipramonycajal\/wp-json\/wp\/v2\/types\/post"}],"author":[{"embeddable":true,"href":"https:\/\/blogsaverroes.juntadeandalucia.es\/ceipramonycajal\/wp-json\/wp\/v2\/users\/18798"}],"replies":[{"embeddable":true,"href":"https:\/\/blogsaverroes.juntadeandalucia.es\/ceipramonycajal\/wp-json\/wp\/v2\/comments?post=7970"}],"version-history":[{"count":1,"href":"https:\/\/blogsaverroes.juntadeandalucia.es\/ceipramonycajal\/wp-json\/wp\/v2\/posts\/7970\/revisions"}],"predecessor-version":[{"id":7971,"href":"https:\/\/blogsaverroes.juntadeandalucia.es\/ceipramonycajal\/wp-json\/wp\/v2\/posts\/7970\/revisions\/7971"}],"wp:attachment":[{"href":"https:\/\/blogsaverroes.juntadeandalucia.es\/ceipramonycajal\/wp-json\/wp\/v2\/media?parent=7970"}],"wp:term":[{"taxonomy":"category","embeddable":true,"href":"https:\/\/blogsaverroes.juntadeandalucia.es\/ceipramonycajal\/wp-json\/wp\/v2\/categories?post=7970"},{"taxonomy":"post_tag","embeddable":true,"href":"https:\/\/blogsaverroes.juntadeandalucia.es\/ceipramonycajal\/wp-json\/wp\/v2\/tags?post=7970"}],"curies":[{"name":"wp","href":"https:\/\/api.w.org\/{rel}","templated":true}]}}