{"id":16191,"date":"2025-10-24T17:58:37","date_gmt":"2025-10-24T16:58:37","guid":{"rendered":"https:\/\/blogsaverroes.juntadeandalucia.es\/ceipreinafabiola\/?p=16191"},"modified":"2025-11-24T18:07:12","modified_gmt":"2025-11-24T17:07:12","slug":"16191-2","status":"publish","type":"post","link":"https:\/\/blogsaverroes.juntadeandalucia.es\/ceipreinafabiola\/16191-2\/","title":{"rendered":"PROA Andaluc\u00eda: Programa de Refuerzo, Orientaci\u00f3n y Apoyo"},"content":{"rendered":"<p><img decoding=\"async\" src=\"https:\/\/www.juntadeandalucia.es\/educacion\/portales\/documents\/722046\/1158780\/Encabez_logos+FSE%2B+21-27_actualizadoFeb25-2.png\/1f8ad7a0-c13a-3b02-0152-3b5ecafd11e6?t=1743683718571&amp;download=true\" alt=\"Responsive Image\"><\/p>\n<p style=\"text-align: justify\"><span style=\"font-size: 14pt\">El pasado 20 de octubre comenzaron en nuestro centro las clases del Programa de Refuerzo, Orientaci\u00f3n y Apoyo (PROA), para los cursos de 3\u00baEP, 4\u00baEP, 5\u00baP y 6\u00baEP, en horario de 16:00 a 18:00h. <\/span><span style=\"font-size: 18.6667px\">de lunes a jueves.<\/span><\/p>\n<p style=\"text-align: justify\"><span style=\"font-size: 14pt\">El PROA Andaluc\u00eda se concibe como un conjunto de actuaciones dirigidas a mejorar el grado de adquisici\u00f3n de las competencias clave y la motivaci\u00f3n del alumnado con necesidades espec\u00edficas de apoyo educativo por precisar acciones de car\u00e1cter compensatorio. Dichas acciones est\u00e1n dirigidas a complementar las acciones encaminadas a la mejora del \u00e9xito escolar que se desarrollan en los centros docentes p\u00fablicos andaluces.<\/span><\/p>\n","protected":false},"excerpt":{"rendered":"<p>El pasado 20 de octubre comenzaron en nuestro centro las clases del Programa de Refuerzo, Orientaci\u00f3n y Apoyo (PROA), para los cursos de 3\u00baEP, 4\u00baEP, 5\u00baP y 6\u00baEP, en horario de 16:00 a 18:00h. de lunes a jueves. El PROA Andaluc\u00eda se concibe como un conjunto de actuaciones dirigidas a mejorar el grado de adquisici\u00f3n [&hellip;]<\/p>\n","protected":false},"author":4543,"featured_media":16192,"comment_status":"closed","ping_status":"open","sticky":false,"template":"","format":"standard","meta":{"_et_pb_use_builder":"","_et_pb_old_content":"","_et_gb_content_width":"","ngg_post_thumbnail":0,"footnotes":""},"categories":[10,3],"tags":[],"aioseo_notices":[],"_links":{"self":[{"href":"https:\/\/blogsaverroes.juntadeandalucia.es\/ceipreinafabiola\/wp-json\/wp\/v2\/posts\/16191"}],"collection":[{"href":"https:\/\/blogsaverroes.juntadeandalucia.es\/ceipreinafabiola\/wp-json\/wp\/v2\/posts"}],"about":[{"href":"https:\/\/blogsaverroes.juntadeandalucia.es\/ceipreinafabiola\/wp-json\/wp\/v2\/types\/post"}],"author":[{"embeddable":true,"href":"https:\/\/blogsaverroes.juntadeandalucia.es\/ceipreinafabiola\/wp-json\/wp\/v2\/users\/4543"}],"replies":[{"embeddable":true,"href":"https:\/\/blogsaverroes.juntadeandalucia.es\/ceipreinafabiola\/wp-json\/wp\/v2\/comments?post=16191"}],"version-history":[{"count":2,"href":"https:\/\/blogsaverroes.juntadeandalucia.es\/ceipreinafabiola\/wp-json\/wp\/v2\/posts\/16191\/revisions"}],"predecessor-version":[{"id":16194,"href":"https:\/\/blogsaverroes.juntadeandalucia.es\/ceipreinafabiola\/wp-json\/wp\/v2\/posts\/16191\/revisions\/16194"}],"wp:featuredmedia":[{"embeddable":true,"href":"https:\/\/blogsaverroes.juntadeandalucia.es\/ceipreinafabiola\/wp-json\/wp\/v2\/media\/16192"}],"wp:attachment":[{"href":"https:\/\/blogsaverroes.juntadeandalucia.es\/ceipreinafabiola\/wp-json\/wp\/v2\/media?parent=16191"}],"wp:term":[{"taxonomy":"category","embeddable":true,"href":"https:\/\/blogsaverroes.juntadeandalucia.es\/ceipreinafabiola\/wp-json\/wp\/v2\/categories?post=16191"},{"taxonomy":"post_tag","embeddable":true,"href":"https:\/\/blogsaverroes.juntadeandalucia.es\/ceipreinafabiola\/wp-json\/wp\/v2\/tags?post=16191"}],"curies":[{"name":"wp","href":"https:\/\/api.w.org\/{rel}","templated":true}]}}