{"id":6647,"date":"2021-06-08T16:55:32","date_gmt":"2021-06-08T16:55:32","guid":{"rendered":"https:\/\/blogsaverroes.juntadeandalucia.es\/ceipreinaisabel\/?p=6647"},"modified":"2021-06-08T17:00:13","modified_gmt":"2021-06-08T17:00:13","slug":"programa-de-acogida-educacion-infantil","status":"publish","type":"post","link":"https:\/\/blogsaverroes.juntadeandalucia.es\/ceipreinaisabel\/2021\/06\/08\/programa-de-acogida-educacion-infantil\/","title":{"rendered":"PROGRAMA DE ACOGIDA EDUCACI\u00d3N INFANTIL"},"content":{"rendered":"<p><strong>PROGRAMA DE ACOGIDA FAMILIAS ALUMNADO DE 3 A\u00d1OS&nbsp; &nbsp;<\/strong> &nbsp; &nbsp; &nbsp; &nbsp; &nbsp; &nbsp; &nbsp; &nbsp; &nbsp; &nbsp; &nbsp; &nbsp; &nbsp; &nbsp; &nbsp; &nbsp; &nbsp; <strong>CURSO 2020\/2021<\/strong><\/p>\n<p>\u00bfPARA QU\u00c9 SIRVE ESTE PROGRAMA?<\/p>\n<p>\u2022 Conocer al alumnado que vendr\u00e1 por primera vez al cole.<br \/>\n\u2022 Reducir o evitar las primeras dificultades con las que se puede encontrar el alumnado en sus primeras etapas de desarrollo.<br \/>\n\u2022 Potenciar un modelo de actuaci\u00f3n conjunta familia y escuela.<\/p>\n<p><a href=\"https:\/\/view.genial.ly\/5ec1b8c78e243b0d5a337f5d\/guide-programa-acogida-el-paso-al-colegio\"><img loading=\"lazy\" decoding=\"async\" class=\"size-medium wp-image-6648 aligncenter\" src=\"https:\/\/blogsaverroes.juntadeandalucia.es\/ceipreinaisabel\/files\/2021\/06\/GENEALLY-300x135.png\" alt=\"\" width=\"300\" height=\"135\" srcset=\"https:\/\/blogsaverroes.juntadeandalucia.es\/ceipreinaisabel\/files\/2021\/06\/GENEALLY-300x135.png 300w, https:\/\/blogsaverroes.juntadeandalucia.es\/ceipreinaisabel\/files\/2021\/06\/GENEALLY.png 689w\" sizes=\"(max-width: 300px) 100vw, 300px\" \/><\/a><a href=\"https:\/\/blogsaverroes.juntadeandalucia.es\/ceipreinaisabel\/files\/2020\/10\/dedo.png\"><img loading=\"lazy\" decoding=\"async\" class=\"wp-image-6069 aligncenter\" src=\"https:\/\/blogsaverroes.juntadeandalucia.es\/ceipreinaisabel\/files\/2020\/10\/dedo.png\" alt=\"\" width=\"45\" height=\"45\" srcset=\"https:\/\/blogsaverroes.juntadeandalucia.es\/ceipreinaisabel\/files\/2020\/10\/dedo.png 225w, https:\/\/blogsaverroes.juntadeandalucia.es\/ceipreinaisabel\/files\/2020\/10\/dedo-150x150.png 150w, https:\/\/blogsaverroes.juntadeandalucia.es\/ceipreinaisabel\/files\/2020\/10\/dedo-100x100.png 100w, https:\/\/blogsaverroes.juntadeandalucia.es\/ceipreinaisabel\/files\/2020\/10\/dedo-24x24.png 24w, https:\/\/blogsaverroes.juntadeandalucia.es\/ceipreinaisabel\/files\/2020\/10\/dedo-36x36.png 36w, https:\/\/blogsaverroes.juntadeandalucia.es\/ceipreinaisabel\/files\/2020\/10\/dedo-48x48.png 48w\" sizes=\"(max-width: 45px) 100vw, 45px\" \/><\/a><\/p>\n<p><a href=\"https:\/\/blogsaverroes.juntadeandalucia.es\/ceipreinaisabel\/files\/2021\/06\/PAUTAS-PARA-LA-ESTIMULACI\u00d3N-DE-LA-COMUNICACI\u00d3N-Y-EL-LENGUAJE.pdf\">PAUTAS PARA LA ESTIMULACI\u00d3N DE LA COMUNICACI\u00d3N Y EL LENGUAJE<\/a><\/p>\n<p><a href=\"https:\/\/blogsaverroes.juntadeandalucia.es\/ceipreinaisabel\/files\/2021\/06\/TR\u00cdPTICO-FAMILIAS-AUTONOM\u00cdA.pdf\">TR\u00cdPTICO FAMILIAS AUTONOM\u00cdA<\/a><\/p>\n<p><a href=\"https:\/\/blogsaverroes.juntadeandalucia.es\/ceipreinaisabel\/files\/2021\/06\/TR\u00cdPTICO-DESARROLLO-EVOLUTIVO.pdf\">TR\u00cdPTICO DESARROLLO EVOLUTIVO<\/a><\/p>\n<p><a href=\"https:\/\/blogsaverroes.juntadeandalucia.es\/ceipreinaisabel\/files\/2021\/06\/D\u00cdPTICO-REUNI\u00d3N-ESTIMULACI\u00d3N-FAMILIAS.pdf\">D\u00cdPTICO REUNI\u00d3N ESTIMULACI\u00d3N FAMILIAS<\/a><\/p>\n<p>&nbsp;<\/p>\n","protected":false},"excerpt":{"rendered":"<p>PROGRAMA DE ACOGIDA FAMILIAS ALUMNADO DE 3 A\u00d1OS&nbsp; &nbsp; &nbsp; &nbsp; &nbsp; &nbsp; &nbsp; &nbsp; &nbsp; &nbsp; &nbsp; &nbsp; &nbsp; &nbsp; &nbsp; &nbsp; &nbsp; &nbsp;&hellip;<\/p>\n","protected":false},"author":4818,"featured_media":0,"comment_status":"open","ping_status":"open","sticky":false,"template":"","format":"standard","meta":{"ngg_post_thumbnail":0,"footnotes":""},"categories":[11909],"tags":[],"aioseo_notices":[],"_links":{"self":[{"href":"https:\/\/blogsaverroes.juntadeandalucia.es\/ceipreinaisabel\/wp-json\/wp\/v2\/posts\/6647"}],"collection":[{"href":"https:\/\/blogsaverroes.juntadeandalucia.es\/ceipreinaisabel\/wp-json\/wp\/v2\/posts"}],"about":[{"href":"https:\/\/blogsaverroes.juntadeandalucia.es\/ceipreinaisabel\/wp-json\/wp\/v2\/types\/post"}],"author":[{"embeddable":true,"href":"https:\/\/blogsaverroes.juntadeandalucia.es\/ceipreinaisabel\/wp-json\/wp\/v2\/users\/4818"}],"replies":[{"embeddable":true,"href":"https:\/\/blogsaverroes.juntadeandalucia.es\/ceipreinaisabel\/wp-json\/wp\/v2\/comments?post=6647"}],"version-history":[{"count":3,"href":"https:\/\/blogsaverroes.juntadeandalucia.es\/ceipreinaisabel\/wp-json\/wp\/v2\/posts\/6647\/revisions"}],"predecessor-version":[{"id":6656,"href":"https:\/\/blogsaverroes.juntadeandalucia.es\/ceipreinaisabel\/wp-json\/wp\/v2\/posts\/6647\/revisions\/6656"}],"wp:attachment":[{"href":"https:\/\/blogsaverroes.juntadeandalucia.es\/ceipreinaisabel\/wp-json\/wp\/v2\/media?parent=6647"}],"wp:term":[{"taxonomy":"category","embeddable":true,"href":"https:\/\/blogsaverroes.juntadeandalucia.es\/ceipreinaisabel\/wp-json\/wp\/v2\/categories?post=6647"},{"taxonomy":"post_tag","embeddable":true,"href":"https:\/\/blogsaverroes.juntadeandalucia.es\/ceipreinaisabel\/wp-json\/wp\/v2\/tags?post=6647"}],"curies":[{"name":"wp","href":"https:\/\/api.w.org\/{rel}","templated":true}]}}