{"id":1714,"date":"2025-03-21T11:46:38","date_gmt":"2025-03-21T10:46:38","guid":{"rendered":"https:\/\/blogsaverroes.juntadeandalucia.es\/ceipremedioschiclana\/?p=1714"},"modified":"2025-03-21T11:47:21","modified_gmt":"2025-03-21T10:47:21","slug":"dia-de-la-concienciacion-del-autismo","status":"publish","type":"post","link":"https:\/\/blogsaverroes.juntadeandalucia.es\/ceipremedioschiclana\/dia-de-la-concienciacion-del-autismo\/","title":{"rendered":"D\u00eda de la concienciaci\u00f3n sobre el Autismo"},"content":{"rendered":"<p><span style=\"font-weight: 400\">A las familias del CEIP Ntra. Sra. de Los Remedios.<\/span><\/p>\n<p><span style=\"font-weight: 400\">Con motivo del D\u00eda Internacional del Autismo, que se celebra el 2 de abril, nuestro Centro Educativo llevar\u00e1 a cabo una serie de actividades.<\/span><\/p>\n<p><span style=\"font-weight: 400\">Una de ellas, requiere de vuestra participaci\u00f3n y colaboraci\u00f3n mediante la adquisici\u00f3n de pulseras, con el objetivo de recaudar fondos para dotar al centro de recursos materiales espec\u00edficos que apoyen el desarrollo de las necesidades de nuestro alumnado.<\/span><\/p>\n<p><span style=\"font-weight: 400\">La pulsera estar\u00e1 disponible a trav\u00e9s de la AMPA de nuestro centro, con un precio de 2\u20ac, desde el 24 de marzo hasta el 4 de abril.<\/span><\/p>\n<p><span style=\"font-weight: 400\">Agradecemos de antemano vuestra colaboraci\u00f3n.<\/span><\/p>\n<p><span style=\"font-weight: 400\">El Equipo Directivo.<\/span><\/p>\n<p><img loading=\"lazy\" decoding=\"async\" class=\"alignnone size-medium wp-image-1712\" src=\"https:\/\/blogsaverroes.juntadeandalucia.es\/ceipremedioschiclana\/files\/2025\/03\/Pulsera-Dia-del-Autismo-169x300.jpg\" alt=\"\" width=\"169\" height=\"300\"><\/p>\n","protected":false},"excerpt":{"rendered":"<p>A las familias del CEIP Ntra. Sra. de Los Remedios. Con motivo del D\u00eda Internacional del Autismo, que se celebra el 2 de abril, nuestro Centro Educativo llevar\u00e1 a cabo una serie de actividades. Una de ellas, requiere de vuestra participaci\u00f3n y colaboraci\u00f3n mediante la adquisici\u00f3n de pulseras, con el objetivo de recaudar fondos para [&hellip;]<\/p>\n","protected":false},"author":15041,"featured_media":0,"comment_status":"closed","ping_status":"open","sticky":false,"template":"","format":"standard","meta":{"_et_pb_use_builder":"","_et_pb_old_content":"","_et_gb_content_width":"","ngg_post_thumbnail":0,"footnotes":""},"categories":[1,4],"tags":[],"aioseo_notices":[],"_links":{"self":[{"href":"https:\/\/blogsaverroes.juntadeandalucia.es\/ceipremedioschiclana\/wp-json\/wp\/v2\/posts\/1714"}],"collection":[{"href":"https:\/\/blogsaverroes.juntadeandalucia.es\/ceipremedioschiclana\/wp-json\/wp\/v2\/posts"}],"about":[{"href":"https:\/\/blogsaverroes.juntadeandalucia.es\/ceipremedioschiclana\/wp-json\/wp\/v2\/types\/post"}],"author":[{"embeddable":true,"href":"https:\/\/blogsaverroes.juntadeandalucia.es\/ceipremedioschiclana\/wp-json\/wp\/v2\/users\/15041"}],"replies":[{"embeddable":true,"href":"https:\/\/blogsaverroes.juntadeandalucia.es\/ceipremedioschiclana\/wp-json\/wp\/v2\/comments?post=1714"}],"version-history":[{"count":2,"href":"https:\/\/blogsaverroes.juntadeandalucia.es\/ceipremedioschiclana\/wp-json\/wp\/v2\/posts\/1714\/revisions"}],"predecessor-version":[{"id":1716,"href":"https:\/\/blogsaverroes.juntadeandalucia.es\/ceipremedioschiclana\/wp-json\/wp\/v2\/posts\/1714\/revisions\/1716"}],"wp:attachment":[{"href":"https:\/\/blogsaverroes.juntadeandalucia.es\/ceipremedioschiclana\/wp-json\/wp\/v2\/media?parent=1714"}],"wp:term":[{"taxonomy":"category","embeddable":true,"href":"https:\/\/blogsaverroes.juntadeandalucia.es\/ceipremedioschiclana\/wp-json\/wp\/v2\/categories?post=1714"},{"taxonomy":"post_tag","embeddable":true,"href":"https:\/\/blogsaverroes.juntadeandalucia.es\/ceipremedioschiclana\/wp-json\/wp\/v2\/tags?post=1714"}],"curies":[{"name":"wp","href":"https:\/\/api.w.org\/{rel}","templated":true}]}}