{"id":2844,"date":"2021-09-03T12:25:43","date_gmt":"2021-09-03T11:25:43","guid":{"rendered":"https:\/\/blogsaverroes.juntadeandalucia.es\/ceipreyescatolicos\/?p=2844"},"modified":"2021-09-03T12:25:43","modified_gmt":"2021-09-03T11:25:43","slug":"entrega-de-materiales","status":"publish","type":"post","link":"https:\/\/blogsaverroes.juntadeandalucia.es\/ceipreyescatolicos\/2021\/09\/03\/entrega-de-materiales\/","title":{"rendered":"Entrega de materiales"},"content":{"rendered":"<h1 style=\"text-align: center\">ENTREGA DE MATERIALES 7 Y 8 DE SEPTIEMBRE<\/h1>\n<h1 style=\"text-align: center\">(Peque\u00f1a reuni\u00f3n COVID)<\/h1>\n<table>\n<tbody>\n<tr>\n<td width=\"650\"><strong>REUNIONES CON LAS FAMILIAS<\/strong><\/p>\n<p><u>&nbsp;<\/u><\/p>\n<p>\u00b7&nbsp;&nbsp;&nbsp;&nbsp;&nbsp;&nbsp; 7 de septiembre para las familias de 1\u00ba, 3\u00ba, 4\u00ba 3 y 4 a\u00f1os<\/p>\n<p>\u00b7&nbsp;&nbsp;&nbsp;&nbsp;&nbsp;&nbsp; 8 de septiembre para las familias de 2\u00ba, 5\u00ba, 6\u00ba y 5 a\u00f1os<\/p>\n<p>&nbsp;<\/p>\n<p>El horario de las reuniones se realizar\u00e1 seg\u00fan orden de lista del alumnado.<\/p>\n<p>Se enviar\u00e1 toda la informaci\u00f3n que se trate en las reuniones v\u00eda iPassen y correo electr\u00f3nico.<\/p>\n<p>&nbsp;<\/p>\n<table>\n<tbody>\n<tr>\n<td width=\"162\">Numero de lista<\/td>\n<td width=\"156\">&nbsp;De 9:30 h a 10:30<\/td>\n<td width=\"156\">De 11:00 a 12:00 horas<\/td>\n<td width=\"156\">De 13:00 a 14:00 horas<\/td>\n<\/tr>\n<tr>\n<td width=\"162\">Del 1 al 9 inclusive<\/td>\n<td width=\"156\">X<\/td>\n<td width=\"156\">&nbsp;<\/td>\n<td width=\"156\">&nbsp;<\/td>\n<\/tr>\n<tr>\n<td width=\"162\">Del 10 al 19 inclusive<\/td>\n<td width=\"156\">&nbsp;<\/td>\n<td width=\"156\">X<\/td>\n<td width=\"156\">&nbsp;<\/td>\n<\/tr>\n<tr>\n<td width=\"162\">Del 20 a 28 inclusive<\/td>\n<td width=\"156\">&nbsp;<\/td>\n<td width=\"156\">&nbsp;<\/td>\n<td width=\"156\">X<\/td>\n<\/tr>\n<\/tbody>\n<\/table>\n<p>&nbsp;<\/p>\n<p>&nbsp;<\/p>\n<p><strong>&nbsp;<\/strong><\/p>\n<p><strong>&nbsp;<\/strong><\/td>\n<\/tr>\n<\/tbody>\n<\/table>\n<p>&nbsp;<\/p>\n<p>Descargate la informaci\u00f3n: <a href=\"https:\/\/blogsaverroes.juntadeandalucia.es\/ceipreyescatolicos\/files\/2021\/09\/Entrega-Materiales-2021-2022.pdf\">Entrega Materiales 2021- 2022<\/a><\/p>\n<p>&nbsp;<\/p>\n<p>&nbsp;&nbsp;&nbsp;&nbsp;&nbsp;&nbsp;&nbsp;&nbsp;&nbsp;&nbsp;&nbsp;&nbsp;&nbsp;&nbsp;&nbsp;&nbsp;&nbsp;&nbsp;&nbsp;&nbsp;&nbsp;&nbsp;&nbsp;&nbsp;&nbsp;&nbsp;&nbsp;&nbsp;&nbsp;&nbsp;&nbsp;&nbsp;&nbsp;&nbsp;&nbsp;&nbsp;&nbsp;&nbsp;&nbsp;&nbsp;&nbsp;&nbsp;&nbsp;&nbsp;&nbsp;&nbsp;&nbsp;&nbsp;&nbsp;&nbsp;&nbsp;&nbsp;&nbsp;&nbsp;&nbsp;&nbsp;&nbsp;&nbsp;&nbsp;&nbsp;&nbsp;&nbsp;&nbsp;&nbsp;&nbsp;&nbsp;&nbsp;&nbsp;&nbsp;&nbsp;&nbsp;&nbsp;&nbsp;&nbsp;&nbsp;&nbsp;&nbsp;&nbsp;&nbsp;&nbsp;&nbsp;&nbsp;&nbsp;&nbsp;&nbsp;&nbsp;&nbsp;&nbsp;&nbsp;&nbsp;&nbsp;&nbsp;&nbsp;&nbsp;&nbsp;&nbsp;&nbsp;&nbsp;&nbsp;&nbsp;&nbsp;&nbsp;&nbsp;&nbsp;&nbsp;<\/p>\n<p>&nbsp;<\/p>\n<p>&nbsp;<\/p>\n","protected":false},"excerpt":{"rendered":"<p>ENTREGA DE MATERIALES 7 Y 8 DE SEPTIEMBRE (Peque\u00f1a reuni\u00f3n COVID) REUNIONES CON LAS FAMILIAS &nbsp; \u00b7&nbsp;&nbsp;&nbsp;&nbsp;&nbsp;&nbsp; 7 de septiembre para las familias de 1\u00ba, 3\u00ba, 4\u00ba 3 y 4 a\u00f1os \u00b7&nbsp;&nbsp;&nbsp;&nbsp;&nbsp;&nbsp; 8 de septiembre para las familias de 2\u00ba,&#46;&#46;&#46;<\/p>\n","protected":false},"author":7641,"featured_media":2846,"comment_status":"open","ping_status":"open","sticky":false,"template":"","format":"standard","meta":{"ngg_post_thumbnail":0,"footnotes":""},"categories":[11909],"tags":[],"aioseo_notices":[],"_links":{"self":[{"href":"https:\/\/blogsaverroes.juntadeandalucia.es\/ceipreyescatolicos\/wp-json\/wp\/v2\/posts\/2844"}],"collection":[{"href":"https:\/\/blogsaverroes.juntadeandalucia.es\/ceipreyescatolicos\/wp-json\/wp\/v2\/posts"}],"about":[{"href":"https:\/\/blogsaverroes.juntadeandalucia.es\/ceipreyescatolicos\/wp-json\/wp\/v2\/types\/post"}],"author":[{"embeddable":true,"href":"https:\/\/blogsaverroes.juntadeandalucia.es\/ceipreyescatolicos\/wp-json\/wp\/v2\/users\/7641"}],"replies":[{"embeddable":true,"href":"https:\/\/blogsaverroes.juntadeandalucia.es\/ceipreyescatolicos\/wp-json\/wp\/v2\/comments?post=2844"}],"version-history":[{"count":1,"href":"https:\/\/blogsaverroes.juntadeandalucia.es\/ceipreyescatolicos\/wp-json\/wp\/v2\/posts\/2844\/revisions"}],"predecessor-version":[{"id":2847,"href":"https:\/\/blogsaverroes.juntadeandalucia.es\/ceipreyescatolicos\/wp-json\/wp\/v2\/posts\/2844\/revisions\/2847"}],"wp:featuredmedia":[{"embeddable":true,"href":"https:\/\/blogsaverroes.juntadeandalucia.es\/ceipreyescatolicos\/wp-json\/wp\/v2\/media\/2846"}],"wp:attachment":[{"href":"https:\/\/blogsaverroes.juntadeandalucia.es\/ceipreyescatolicos\/wp-json\/wp\/v2\/media?parent=2844"}],"wp:term":[{"taxonomy":"category","embeddable":true,"href":"https:\/\/blogsaverroes.juntadeandalucia.es\/ceipreyescatolicos\/wp-json\/wp\/v2\/categories?post=2844"},{"taxonomy":"post_tag","embeddable":true,"href":"https:\/\/blogsaverroes.juntadeandalucia.es\/ceipreyescatolicos\/wp-json\/wp\/v2\/tags?post=2844"}],"curies":[{"name":"wp","href":"https:\/\/api.w.org\/{rel}","templated":true}]}}