{"id":4271,"date":"2025-09-03T14:45:47","date_gmt":"2025-09-03T13:45:47","guid":{"rendered":"https:\/\/blogsaverroes.juntadeandalucia.es\/ceipreyescatolicos\/?p=4271"},"modified":"2025-09-03T15:05:43","modified_gmt":"2025-09-03T14:05:43","slug":"solicitudes-de-bonificacion-gratuidad-de-servicios-complementarios-curso-25-26","status":"publish","type":"post","link":"https:\/\/blogsaverroes.juntadeandalucia.es\/ceipreyescatolicos\/2025\/09\/03\/solicitudes-de-bonificacion-gratuidad-de-servicios-complementarios-curso-25-26\/","title":{"rendered":"Solicitudes de bonificaci\u00f3n\/gratuidad de Servicios Complementarios (Curso 25\/26)"},"content":{"rendered":"<h1 data-start=\"197\" data-end=\"245\">\ud83d\udccc BONIFICACI\u00d3N DE SERVICIOS COMPLEMENTARIOS<\/h1>\n<p data-start=\"246\" data-end=\"265\"><strong data-start=\"246\" data-end=\"265\">Curso 2025\/2026<\/strong><\/p>\n<p data-start=\"267\" data-end=\"288\">Estimadas familias:<\/p>\n<p data-start=\"290\" data-end=\"413\">Del <strong data-start=\"294\" data-end=\"318\">1 al 9 de septiembre<\/strong> estar\u00e1 abierto el plazo para solicitar la <strong data-start=\"361\" data-end=\"410\">bonificaci\u00f3n de los servicios complementarios<\/strong>:<\/p>\n<ul data-start=\"414\" data-end=\"481\">\n<li data-start=\"414\" data-end=\"430\">\n<p data-start=\"416\" data-end=\"430\">Aula matinal<\/p>\n<\/li>\n<li data-start=\"431\" data-end=\"450\">\n<p data-start=\"433\" data-end=\"450\">Comedor escolar<\/p>\n<\/li>\n<li data-start=\"451\" data-end=\"481\">\n<p data-start=\"453\" data-end=\"481\">Actividades extraescolares<\/p>\n<\/li>\n<\/ul>\n<h2 data-start=\"483\" data-end=\"520\">\ud83d\udcdd \u00bfC\u00f3mo presentar la solicitud?<\/h2>\n<p data-start=\"521\" data-end=\"763\"><strong data-start=\"521\" data-end=\"567\">a) Solicitud telem\u00e1tica (preferentemente):<\/strong><br data-start=\"567\" data-end=\"570\"\/>A trav\u00e9s de la <strong data-start=\"585\" data-end=\"637\">Secretar\u00eda Virtual de la Consejer\u00eda de Educaci\u00f3n<\/strong> \ud83d\udc49 <a class=\"decorated-link\" href=\"https:\/\/www.juntadeandalucia.es\/educacion\/secretariavirtual\/solicitudes\/?utm_source=chatgpt.com\" target=\"_new\" rel=\"noopener\" data-start=\"641\" data-end=\"761\">Secretar\u00eda Virtual de los Centros Educativos<\/a><\/p>\n<p data-start=\"765\" data-end=\"791\">Para acceder necesitar\u00e1:<\/p>\n<ul data-start=\"792\" data-end=\"915\">\n<li data-start=\"792\" data-end=\"865\">\n<p data-start=\"794\" data-end=\"865\">\ud83d\udd11 Clave <strong data-start=\"803\" data-end=\"812\">iANDe<\/strong> (encontrar\u00e1 el c\u00f3digo en Comunicaciones de PASEN).<\/p>\n<\/li>\n<li data-start=\"866\" data-end=\"915\">\n<p data-start=\"868\" data-end=\"915\">\ud83d\udda5\ufe0f O bien un <strong data-start=\"882\" data-end=\"905\">certificado digital<\/strong> v\u00e1lido.<\/p>\n<\/li>\n<\/ul>\n<h2 data-start=\"3227\" data-end=\"3251\">\ud83c\udfa5 \u00bfNecesita ayuda?<\/h2>\n<p data-start=\"3252\" data-end=\"3384\">Para facilitar el proceso, puede consultar este <strong data-start=\"3300\" data-end=\"3324\">tutorial explicativo<\/strong>:<\/p>\n<p><iframe title=\"Solicitud de BONIFICACIONES del Plan de Apertura en ANDALUC\u00cdA\" width=\"500\" height=\"281\" src=\"https:\/\/www.youtube.com\/embed\/0gkPSOMvkFU?feature=oembed&#038;wmode=opaque\" frameborder=\"0\" allow=\"accelerometer; autoplay; clipboard-write; encrypted-media; gyroscope; picture-in-picture; web-share\" referrerpolicy=\"strict-origin-when-cross-origin\" allowfullscreen><\/iframe><\/p>\n<p data-start=\"917\" data-end=\"1067\"><strong data-start=\"917\" data-end=\"945\">b) Solicitud presencial:<\/strong><br data-start=\"945\" data-end=\"948\"\/>Puede realizar el tr\u00e1mite directamente en la <strong data-start=\"993\" data-end=\"1035\">secretar\u00eda de nuestro centro educativo<\/strong> dentro del plazo establecido y en horario de Secretaria (9:15 a 11:00 y de 12:00 a 13:30 horas)<\/p>\n<h2 data-start=\"1069\" data-end=\"1116\">\ud83d\udccb Datos que deben figurar en la solicitud<\/h2>\n<p data-start=\"1117\" data-end=\"1342\">El centro deber\u00e1 grabar en la <strong data-start=\"1147\" data-end=\"1183\">pantalla Detalle de la solicitud<\/strong> los datos de <strong data-start=\"1197\" data-end=\"1241\">todos los miembros de la unidad familiar<\/strong>, incluido el\/la menor solicitante, conforme al art\u00edculo 24 de la <strong data-start=\"1307\" data-end=\"1339\">Orden de 17 de abril de 2017<\/strong>.<\/p>\n<p data-start=\"1344\" data-end=\"1413\">\ud83d\udc49 Es imprescindible comprobar que en la solicitud de bonificaci\u00f3n:<\/p>\n<ul data-start=\"1414\" data-end=\"1857\">\n<li data-start=\"1414\" data-end=\"1624\">\n<p data-start=\"1416\" data-end=\"1624\">Todos los miembros de la unidad familiar <strong data-start=\"1457\" data-end=\"1479\">mayores de 16 a\u00f1os<\/strong> a fecha 31 de diciembre de 2024, identificados con NIF o NIE, hayan autorizado a la Consejer\u00eda a obtener la informaci\u00f3n tributaria de la AEAT.<\/p>\n<\/li>\n<li data-start=\"1625\" data-end=\"1722\">\n<p data-start=\"1627\" data-end=\"1722\">Figuren los datos completos de <strong data-start=\"1658\" data-end=\"1693\">al menos un representante legal<\/strong> de la persona solicitante.<\/p>\n<\/li>\n<li data-start=\"1723\" data-end=\"1857\">\n<p data-start=\"1725\" data-end=\"1857\">Todos los datos (ingresos, situaciones familiares, miembros de la unidad familiar) est\u00e9n <strong data-start=\"1814\" data-end=\"1854\">referidos al 31 de diciembre de 2024<\/strong>.<\/p>\n<\/li>\n<\/ul>\n<p data-start=\"1859\" data-end=\"1942\">\u26a0\ufe0f El sistema no permitir\u00e1 la grabaci\u00f3n de nacidos con posterioridad a esa fecha.<\/p>\n<h2 data-start=\"1944\" data-end=\"1981\">\ud83d\udd04 Actualizaciones y excepciones<\/h2>\n<ul data-start=\"1982\" data-end=\"2689\">\n<li data-start=\"1982\" data-end=\"2150\">\n<p data-start=\"1984\" data-end=\"2150\">La informaci\u00f3n de <strong data-start=\"2002\" data-end=\"2047\">dificultad social extrema o alumnado SYGA<\/strong> se actualizar\u00e1 con las certificaciones de los Servicios Sociales Comunitarios para el curso 2025\/26.<\/p>\n<\/li>\n<li data-start=\"2151\" data-end=\"2275\">\n<p data-start=\"2153\" data-end=\"2275\">Cuando un alumno\/a retome el servicio tras baja o traslado, se le aplicar\u00e1 la misma bonificaci\u00f3n asignada anteriormente.<\/p>\n<\/li>\n<li data-start=\"2276\" data-end=\"2689\">\n<p data-start=\"2278\" data-end=\"2689\">Se podr\u00e1 modificar una bonificaci\u00f3n ya resuelta en los siguientes casos excepcionales:<br data-start=\"2364\" data-end=\"2367\"\/>\u2714\ufe0f Declaraci\u00f3n SYGA.<br data-start=\"2390\" data-end=\"2393\"\/>\u2714\ufe0f Situaci\u00f3n de tutela por la Administraci\u00f3n.<br data-start=\"2441\" data-end=\"2444\"\/>\u2714\ufe0f V\u00edctima de terrorismo.<br data-start=\"2472\" data-end=\"2475\"\/>\u2714\ufe0f Tutora legal atendida en centro de acogida para mujeres v\u00edctimas de violencia de g\u00e9nero.<br data-start=\"2569\" data-end=\"2572\"\/>\u2714\ufe0f Necesidad de transporte p\u00fablico que implique esperar m\u00e1s de 30 minutos al inicio o fin de la jornada escolar.<\/p>\n<\/li>\n<\/ul>\n<p data-start=\"2691\" data-end=\"2829\">Las personas solicitantes dispondr\u00e1n de una <strong data-start=\"2735\" data-end=\"2775\">consulta teletramitada personalizada<\/strong> en la Secretar\u00eda Virtual de los Centros Educativos.<\/p>\n<h2 data-start=\"2831\" data-end=\"2879\">\ud83d\udcb0 Precios de los servicios complementarios<\/h2>\n<p data-start=\"2880\" data-end=\"2962\">(importe establecido para el curso escolar <strong data-start=\"2923\" data-end=\"2934\">2023\/24<\/strong>, con impuestos incluidos)<\/p>\n<ol data-start=\"2964\" data-end=\"3225\">\n<li data-start=\"2964\" data-end=\"3058\">\n<p data-start=\"2967\" data-end=\"2997\"><strong data-start=\"2967\" data-end=\"2995\">Servicio de aula matinal<\/strong><\/p>\n<ul data-start=\"3001\" data-end=\"3058\">\n<li data-start=\"3001\" data-end=\"3028\">\n<p data-start=\"3003\" data-end=\"3028\">Precio mensual: 17,51 \u20ac<\/p>\n<\/li>\n<li data-start=\"3032\" data-end=\"3058\">\n<p data-start=\"3034\" data-end=\"3058\">Precio por d\u00eda: 1,33 \u20ac<\/p>\n<\/li>\n<\/ul>\n<\/li>\n<li data-start=\"3060\" data-end=\"3126\">\n<p data-start=\"3063\" data-end=\"3096\"><strong data-start=\"3063\" data-end=\"3094\">Servicio de comedor escolar<\/strong><\/p>\n<ul data-start=\"3100\" data-end=\"3126\">\n<li data-start=\"3100\" data-end=\"3126\">\n<p data-start=\"3102\" data-end=\"3126\">Precio por d\u00eda: 5,54 \u20ac<\/p>\n<\/li>\n<\/ul>\n<\/li>\n<li data-start=\"3128\" data-end=\"3225\">\n<p data-start=\"3131\" data-end=\"3175\"><strong data-start=\"3131\" data-end=\"3173\">Servicio de actividades extraescolares<\/strong><\/p>\n<ul data-start=\"3179\" data-end=\"3225\">\n<li data-start=\"3179\" data-end=\"3225\">\n<p data-start=\"3181\" data-end=\"3225\">Precio mensual: 17,51 \u20ac por cada actividad<\/p>\n<\/li>\n<\/ul>\n<\/li>\n<\/ol>\n<h2 data-start=\"252\" data-end=\"292\">\ud83d\udcd1 Acreditaci\u00f3n de las circunstancias<\/h2>\n<p data-start=\"294\" data-end=\"556\">Para que la solicitud de bonificaci\u00f3n sea v\u00e1lida, es obligatorio <strong data-start=\"359\" data-end=\"459\">aportar documentaci\u00f3n que justifique todas las circunstancias familiares y econ\u00f3micas declaradas<\/strong>. A continuaci\u00f3n se detallan los principales supuestos y c\u00f3mo acreditarlos en el curso 2025\/26:<\/p>\n<hr data-start=\"558\" data-end=\"561\"\/>\n<h3 data-start=\"563\" data-end=\"594\">\ud83d\udc68\u200d\ud83d\udc69\u200d\ud83d\udc67 1. Unidad familiar<\/h3>\n<p data-start=\"595\" data-end=\"681\">La bonificaci\u00f3n se calcula en funci\u00f3n de las personas que forman la unidad familiar.<\/p>\n<p data-start=\"683\" data-end=\"720\"><strong data-start=\"683\" data-end=\"718\">Progenitores \/ tutores legales:<\/strong><\/p>\n<ul data-start=\"721\" data-end=\"1177\">\n<li data-start=\"721\" data-end=\"866\">\n<p data-start=\"723\" data-end=\"866\">Con car\u00e1cter general, se computan <strong data-start=\"757\" data-end=\"816\">los dos progenitores registrados en el libro de familia<\/strong>, convivan o no en el domicilio del\/de la menor.<\/p>\n<\/li>\n<li data-start=\"867\" data-end=\"1177\">\n<p data-start=\"869\" data-end=\"892\">Documentaci\u00f3n v\u00e1lida:<\/p>\n<ul data-start=\"895\" data-end=\"1177\">\n<li data-start=\"895\" data-end=\"940\">\n<p data-start=\"897\" data-end=\"940\">Libro de familia o documento equivalente.<\/p>\n<\/li>\n<li data-start=\"943\" data-end=\"1072\">\n<p data-start=\"945\" data-end=\"1072\">Sentencia judicial o resoluci\u00f3n administrativa que atribuya la guarda y custodia a otra persona distinta de los progenitores.<\/p>\n<\/li>\n<li data-start=\"1075\" data-end=\"1177\">\n<p data-start=\"1077\" data-end=\"1177\">Sentencia judicial firme que atribuya la guarda y custodia en exclusiva a uno de los progenitores.<\/p>\n<\/li>\n<\/ul>\n<\/li>\n<\/ul>\n<p data-start=\"1179\" data-end=\"1202\"><strong data-start=\"1179\" data-end=\"1200\">Casos especiales:<\/strong><\/p>\n<ul data-start=\"1203\" data-end=\"1814\">\n<li data-start=\"1203\" data-end=\"1341\">\n<p data-start=\"1205\" data-end=\"1341\">En divorcios con <strong data-start=\"1222\" data-end=\"1245\">custodia compartida<\/strong>, ambos progenitores forman parte de la unidad familiar y se computan los ingresos de los dos.<\/p>\n<\/li>\n<li data-start=\"1342\" data-end=\"1517\">\n<p data-start=\"1344\" data-end=\"1517\">Aunque los progenitores no est\u00e9n casados ni inscritos como pareja de hecho, igualmente se consideran miembros de la unidad familiar, al existir parentesco de primer grado.<\/p>\n<\/li>\n<li data-start=\"1518\" data-end=\"1699\">\n<p data-start=\"1520\" data-end=\"1699\">No se tendr\u00e1n en cuenta los ingresos de un progenitor si existe <strong data-start=\"1584\" data-end=\"1638\">sentencia firme de custodia exclusiva para el otro<\/strong> o si se acredita la condici\u00f3n de <strong data-start=\"1672\" data-end=\"1696\">familia monoparental<\/strong>.<\/p>\n<\/li>\n<li data-start=\"1700\" data-end=\"1814\">\n<p data-start=\"1702\" data-end=\"1814\">\u274c No son v\u00e1lidos como justificaci\u00f3n: convenios reguladores sin sentencia firme o simples demandas de divorcio.<\/p>\n<\/li>\n<\/ul>\n<p data-start=\"1816\" data-end=\"1844\"><strong data-start=\"1816\" data-end=\"1842\">Otros tutores legales:<\/strong><\/p>\n<ul data-start=\"1845\" data-end=\"2020\">\n<li data-start=\"1845\" data-end=\"2020\">\n<p data-start=\"1847\" data-end=\"2020\">Si el\/la menor est\u00e1 bajo la tutela de otras personas (abuelos, t\u00edos\u2026), estas personas tambi\u00e9n forman parte de la unidad familiar, siempre que lo acrediten documentalmente.<\/p>\n<\/li>\n<\/ul>\n<p data-start=\"2022\" data-end=\"2068\"><strong data-start=\"2022\" data-end=\"2066\">Resto de miembros de la unidad familiar:<\/strong><\/p>\n<ul data-start=\"2069\" data-end=\"2641\">\n<li data-start=\"2069\" data-end=\"2205\">\n<p data-start=\"2071\" data-end=\"2205\">Se computan los familiares hasta segundo grado de consanguinidad o afinidad que convivan en el domicilio (abuelos\/as y hermanos\/as).<\/p>\n<\/li>\n<li data-start=\"2206\" data-end=\"2389\">\n<p data-start=\"2208\" data-end=\"2389\">Solo se tendr\u00e1n en cuenta si aparecen en el <strong data-start=\"2252\" data-end=\"2306\">volante o certificado de empadronamiento colectivo<\/strong> del domicilio. No se incluyen otros familiares como t\u00edos, bisabuelos o sobrinos.<\/p>\n<\/li>\n<li data-start=\"2390\" data-end=\"2641\">\n<p data-start=\"2392\" data-end=\"2641\">En caso de <strong data-start=\"2403\" data-end=\"2444\">oposici\u00f3n a la consulta de residencia<\/strong>, se deber\u00e1 aportar dicho certificado, emitido por el Ayuntamiento, con fecha no superior a tres meses respecto al final del plazo de solicitud (entre el 8 de junio y el 8 de septiembre de 2025).<\/p>\n<\/li>\n<\/ul>\n<hr data-start=\"2643\" data-end=\"2646\"\/>\n<h3 data-start=\"2648\" data-end=\"2674\">\ud83d\udcb6 2. Datos econ\u00f3micos<\/h3>\n<p data-start=\"2675\" data-end=\"2743\">La renta familiar se comprobar\u00e1 a trav\u00e9s de la Agencia Tributaria.<\/p>\n<ul data-start=\"2745\" data-end=\"3370\">\n<li data-start=\"2745\" data-end=\"2876\">\n<p data-start=\"2747\" data-end=\"2876\">Se computan los <strong data-start=\"2763\" data-end=\"2838\">ingresos de todos los miembros de la unidad familiar mayores de 16 a\u00f1os<\/strong> a fecha de 31 de diciembre de 2024.<\/p>\n<\/li>\n<li data-start=\"2877\" data-end=\"3370\">\n<p data-start=\"2879\" data-end=\"2932\">Si no figuran dichos datos, ser\u00e1 necesario aportar:<\/p>\n<ul data-start=\"2935\" data-end=\"3370\">\n<li data-start=\"2935\" data-end=\"3088\">\n<p data-start=\"2937\" data-end=\"3088\">Certificado tributario de imputaciones de la AEAT (no son v\u00e1lidas las declaraciones reci\u00e9n presentadas si a\u00fan no han sido registradas en el sistema).<\/p>\n<\/li>\n<li data-start=\"3091\" data-end=\"3123\">\n<p data-start=\"3093\" data-end=\"3123\">Certificado de vida laboral.<\/p>\n<\/li>\n<li data-start=\"3126\" data-end=\"3370\">\n<p data-start=\"3128\" data-end=\"3370\">En familias reestructuradas, cuando un miembro aparezca en la declaraci\u00f3n de otro progenitor ajeno a la unidad, habr\u00e1 que aportar certificado tributario o declaraci\u00f3n responsable, remiti\u00e9ndolo a la Delegaci\u00f3n Territorial para su validaci\u00f3n.<\/p>\n<\/li>\n<\/ul>\n<\/li>\n<\/ul>\n<hr data-start=\"3372\" data-end=\"3375\"\/>\n<h3 data-start=\"3377\" data-end=\"3425\">\ud83d\udee1\ufe0f 3. Tutela o guarda por la Administraci\u00f3n<\/h3>\n<ul data-start=\"3426\" data-end=\"3620\">\n<li data-start=\"3426\" data-end=\"3620\">\n<p data-start=\"3428\" data-end=\"3620\">En el caso de menores en situaci\u00f3n de tutela o guarda por parte de la Junta de Andaluc\u00eda, ser\u00e1 necesaria una <strong data-start=\"3537\" data-end=\"3617\">certificaci\u00f3n expedida por la Consejer\u00eda competente en protecci\u00f3n de menores<\/strong>.<\/p>\n<\/li>\n<\/ul>\n<hr data-start=\"3622\" data-end=\"3625\"\/>\n<h3 data-start=\"3627\" data-end=\"3659\">\ud83c\udf97\ufe0f 4. V\u00edctima de terrorismo<\/h3>\n<ul data-start=\"3660\" data-end=\"3880\">\n<li data-start=\"3660\" data-end=\"3743\">\n<p data-start=\"3662\" data-end=\"3743\">Se deber\u00e1 aportar la <strong data-start=\"3683\" data-end=\"3740\">certificaci\u00f3n expedida por el Ministerio del Interior<\/strong>.<\/p>\n<\/li>\n<li data-start=\"3744\" data-end=\"3880\">\n<p data-start=\"3746\" data-end=\"3880\">Adem\u00e1s, el libro de familia o documento equivalente que acredite el parentesco hasta segundo grado de consanguinidad con la v\u00edctima.<\/p>\n<\/li>\n<\/ul>\n<hr data-start=\"3882\" data-end=\"3885\"\/>\n<h3 data-start=\"3887\" data-end=\"3945\">\ud83d\udc69\u200d\ud83d\udc67 5. Hijo\/a de mujer atendida en centro de acogida<\/h3>\n<ul data-start=\"3946\" data-end=\"4090\">\n<li data-start=\"3946\" data-end=\"4090\">\n<p data-start=\"3948\" data-end=\"4090\">Es necesario aportar la <strong data-start=\"3972\" data-end=\"4087\">certificaci\u00f3n emitida por la entidad titular del centro de acogida para mujeres v\u00edctimas de violencia de g\u00e9nero<\/strong>.<\/p>\n<\/li>\n<\/ul>\n<hr data-start=\"4092\" data-end=\"4095\"\/>\n<p data-start=\"4097\" data-end=\"4258\">\u2139\ufe0f <strong data-start=\"4100\" data-end=\"4113\">Recuerde:<\/strong> Todos los datos de ingresos, situaciones familiares o miembros de la unidad familiar estar\u00e1n siempre <strong data-start=\"4215\" data-end=\"4255\">referidos al 31 de diciembre de 2024<\/strong>.<\/p>\n<p data-start=\"3252\" data-end=\"3384\">&nbsp;<\/p>\n","protected":false},"excerpt":{"rendered":"<p>\ud83d\udccc BONIFICACI\u00d3N DE SERVICIOS COMPLEMENTARIOS Curso 2025\/2026 Estimadas familias: Del 1 al 9 de septiembre estar\u00e1 abierto el plazo para solicitar la bonificaci\u00f3n de los servicios complementarios: Aula matinal Comedor escolar Actividades extraescolares \ud83d\udcdd \u00bfC\u00f3mo presentar la solicitud? a) Solicitud&#46;&#46;&#46;<\/p>\n","protected":false},"author":7641,"featured_media":4273,"comment_status":"open","ping_status":"open","sticky":false,"template":"","format":"standard","meta":{"ngg_post_thumbnail":0,"footnotes":""},"categories":[25491,526],"tags":[],"aioseo_notices":[],"_links":{"self":[{"href":"https:\/\/blogsaverroes.juntadeandalucia.es\/ceipreyescatolicos\/wp-json\/wp\/v2\/posts\/4271"}],"collection":[{"href":"https:\/\/blogsaverroes.juntadeandalucia.es\/ceipreyescatolicos\/wp-json\/wp\/v2\/posts"}],"about":[{"href":"https:\/\/blogsaverroes.juntadeandalucia.es\/ceipreyescatolicos\/wp-json\/wp\/v2\/types\/post"}],"author":[{"embeddable":true,"href":"https:\/\/blogsaverroes.juntadeandalucia.es\/ceipreyescatolicos\/wp-json\/wp\/v2\/users\/7641"}],"replies":[{"embeddable":true,"href":"https:\/\/blogsaverroes.juntadeandalucia.es\/ceipreyescatolicos\/wp-json\/wp\/v2\/comments?post=4271"}],"version-history":[{"count":2,"href":"https:\/\/blogsaverroes.juntadeandalucia.es\/ceipreyescatolicos\/wp-json\/wp\/v2\/posts\/4271\/revisions"}],"predecessor-version":[{"id":4274,"href":"https:\/\/blogsaverroes.juntadeandalucia.es\/ceipreyescatolicos\/wp-json\/wp\/v2\/posts\/4271\/revisions\/4274"}],"wp:featuredmedia":[{"embeddable":true,"href":"https:\/\/blogsaverroes.juntadeandalucia.es\/ceipreyescatolicos\/wp-json\/wp\/v2\/media\/4273"}],"wp:attachment":[{"href":"https:\/\/blogsaverroes.juntadeandalucia.es\/ceipreyescatolicos\/wp-json\/wp\/v2\/media?parent=4271"}],"wp:term":[{"taxonomy":"category","embeddable":true,"href":"https:\/\/blogsaverroes.juntadeandalucia.es\/ceipreyescatolicos\/wp-json\/wp\/v2\/categories?post=4271"},{"taxonomy":"post_tag","embeddable":true,"href":"https:\/\/blogsaverroes.juntadeandalucia.es\/ceipreyescatolicos\/wp-json\/wp\/v2\/tags?post=4271"}],"curies":[{"name":"wp","href":"https:\/\/api.w.org\/{rel}","templated":true}]}}