{"id":1139,"date":"2021-03-25T18:21:22","date_gmt":"2021-03-25T17:21:22","guid":{"rendered":"https:\/\/blogsaverroes.juntadeandalucia.es\/ceipreyescatolicosdevera\/?p=1139"},"modified":"2021-05-30T11:42:24","modified_gmt":"2021-05-30T09:42:24","slug":"investigando-nuestro-entorno","status":"publish","type":"post","link":"https:\/\/blogsaverroes.juntadeandalucia.es\/ceipreyescatolicosdevera\/2021\/03\/25\/investigando-nuestro-entorno\/","title":{"rendered":"INVESTIGANDO NUESTRO ENTORNO"},"content":{"rendered":"<div id=\"description\" class=\"style-scope ytd-video-secondary-info-renderer\">En&nbsp; Ciencias Naturales el alumnado&nbsp; de cuarto de Primaria durante todo el segundo trimestre han&nbsp; estado trabajando el medio que nos rodea. Hemos usado los prism\u00e1ticos y las lupas para investigar nuestro huerto, nuestro patio, el h\u00e1bitat que nos rodea y hemos realizado trabajos de investigaci\u00f3n sobre los diferentes lugares emblem\u00e1ticos de nuestro entorno que tienen una fauna y una flora caracter\u00edsticas. Adem\u00e1s hemos elaborado murales para ahondar m\u00e1s en el conocimiento de especies y nos hemos hecho unos aut\u00e9nticos expertos en el trabajo de campo.<\/div>\n<div><iframe loading=\"lazy\" src=\"\/\/www.youtube.com\/embed\/dF4ozavo58k\" width=\"560\" height=\"315\" frameborder=\"0\"><\/iframe><\/div>\n","protected":false},"excerpt":{"rendered":"<p>En&nbsp; Ciencias Naturales el alumnado&nbsp; de cuarto de Primaria durante todo el segundo trimestre han&nbsp; estado trabajando el medio que nos rodea. Hemos usado los prism\u00e1ticos y las lupas para investigar nuestro huerto, nuestro&#46;&#46;&#46;<\/p>\n","protected":false},"author":7252,"featured_media":0,"comment_status":"open","ping_status":"open","sticky":false,"template":"","format":"standard","meta":{"ngg_post_thumbnail":0,"footnotes":""},"categories":[307504,1196899,20450,223317,1687,3981,1990809],"tags":[],"aioseo_notices":[],"_links":{"self":[{"href":"https:\/\/blogsaverroes.juntadeandalucia.es\/ceipreyescatolicosdevera\/wp-json\/wp\/v2\/posts\/1139"}],"collection":[{"href":"https:\/\/blogsaverroes.juntadeandalucia.es\/ceipreyescatolicosdevera\/wp-json\/wp\/v2\/posts"}],"about":[{"href":"https:\/\/blogsaverroes.juntadeandalucia.es\/ceipreyescatolicosdevera\/wp-json\/wp\/v2\/types\/post"}],"author":[{"embeddable":true,"href":"https:\/\/blogsaverroes.juntadeandalucia.es\/ceipreyescatolicosdevera\/wp-json\/wp\/v2\/users\/7252"}],"replies":[{"embeddable":true,"href":"https:\/\/blogsaverroes.juntadeandalucia.es\/ceipreyescatolicosdevera\/wp-json\/wp\/v2\/comments?post=1139"}],"version-history":[{"count":1,"href":"https:\/\/blogsaverroes.juntadeandalucia.es\/ceipreyescatolicosdevera\/wp-json\/wp\/v2\/posts\/1139\/revisions"}],"predecessor-version":[{"id":1141,"href":"https:\/\/blogsaverroes.juntadeandalucia.es\/ceipreyescatolicosdevera\/wp-json\/wp\/v2\/posts\/1139\/revisions\/1141"}],"wp:attachment":[{"href":"https:\/\/blogsaverroes.juntadeandalucia.es\/ceipreyescatolicosdevera\/wp-json\/wp\/v2\/media?parent=1139"}],"wp:term":[{"taxonomy":"category","embeddable":true,"href":"https:\/\/blogsaverroes.juntadeandalucia.es\/ceipreyescatolicosdevera\/wp-json\/wp\/v2\/categories?post=1139"},{"taxonomy":"post_tag","embeddable":true,"href":"https:\/\/blogsaverroes.juntadeandalucia.es\/ceipreyescatolicosdevera\/wp-json\/wp\/v2\/tags?post=1139"}],"curies":[{"name":"wp","href":"https:\/\/api.w.org\/{rel}","templated":true}]}}