{"id":1315,"date":"2021-06-28T14:22:49","date_gmt":"2021-06-28T12:22:49","guid":{"rendered":"https:\/\/blogsaverroes.juntadeandalucia.es\/ceipreyescatolicosdevera\/?p=1315"},"modified":"2021-06-29T10:19:11","modified_gmt":"2021-06-29T08:19:11","slug":"materiales-curriculares-curso-2021-22","status":"publish","type":"post","link":"https:\/\/blogsaverroes.juntadeandalucia.es\/ceipreyescatolicosdevera\/2021\/06\/28\/materiales-curriculares-curso-2021-22\/","title":{"rendered":"MATERIALES CURRICULARES Curso 2021-22"},"content":{"rendered":"<p>Estimadas familias&nbsp; , pod\u00e9is acceder al listado de materiales&nbsp; para el pr\u00f3ximo curso pinchando sobre los siguientes enlaces .<\/p>\n<p><strong>Ed.INFANTIL<\/strong><\/p>\n<p><a href=\"https:\/\/blogsaverroes.juntadeandalucia.es\/ceipreyescatolicosdevera\/files\/2021\/06\/Libros-Ed.-Infantil-3-4-5a\u00f1os-2021-22.pdf\">Libros Ed. Infantil 3-4-5a\u00f1os 2021-22<\/a><\/p>\n<p><strong>Ed . PRIMARIA<\/strong><\/p>\n<p><a href=\"https:\/\/blogsaverroes.juntadeandalucia.es\/ceipreyescatolicosdevera\/files\/2021\/06\/Material-escolar-1\u00ba-Y-2-\u00ba-2021-22.pdf\">Material escolar 1\u00ba Y 2 \u00ba 2021-22<\/a><\/p>\n<p><a href=\"https:\/\/blogsaverroes.juntadeandalucia.es\/ceipreyescatolicosdevera\/files\/2021\/06\/Material-escolar-3\u00bay-4\u00ba-2021-22.pdf\">Material escolar 3\u00bay 4\u00ba 2021-22<\/a><\/p>\n<p><a href=\"https:\/\/blogsaverroes.juntadeandalucia.es\/ceipreyescatolicosdevera\/files\/2021\/06\/Material-escolar-5\u00ba-y-6\u00ba-2021-22.pdf\">Material escolar 5\u00ba y 6\u00ba 2021-22<\/a><\/p>\n","protected":false},"excerpt":{"rendered":"<p>Estimadas familias&nbsp; , pod\u00e9is acceder al listado de materiales&nbsp; para el pr\u00f3ximo curso pinchando sobre los siguientes enlaces . Ed.INFANTIL Libros Ed. Infantil 3-4-5a\u00f1os 2021-22 Ed . PRIMARIA Material escolar 1\u00ba Y 2 \u00ba&#46;&#46;&#46;<\/p>\n","protected":false},"author":7252,"featured_media":0,"comment_status":"open","ping_status":"open","sticky":false,"template":"","format":"standard","meta":{"ngg_post_thumbnail":0,"footnotes":""},"categories":[284,1687],"tags":[],"aioseo_notices":[],"_links":{"self":[{"href":"https:\/\/blogsaverroes.juntadeandalucia.es\/ceipreyescatolicosdevera\/wp-json\/wp\/v2\/posts\/1315"}],"collection":[{"href":"https:\/\/blogsaverroes.juntadeandalucia.es\/ceipreyescatolicosdevera\/wp-json\/wp\/v2\/posts"}],"about":[{"href":"https:\/\/blogsaverroes.juntadeandalucia.es\/ceipreyescatolicosdevera\/wp-json\/wp\/v2\/types\/post"}],"author":[{"embeddable":true,"href":"https:\/\/blogsaverroes.juntadeandalucia.es\/ceipreyescatolicosdevera\/wp-json\/wp\/v2\/users\/7252"}],"replies":[{"embeddable":true,"href":"https:\/\/blogsaverroes.juntadeandalucia.es\/ceipreyescatolicosdevera\/wp-json\/wp\/v2\/comments?post=1315"}],"version-history":[{"count":5,"href":"https:\/\/blogsaverroes.juntadeandalucia.es\/ceipreyescatolicosdevera\/wp-json\/wp\/v2\/posts\/1315\/revisions"}],"predecessor-version":[{"id":1331,"href":"https:\/\/blogsaverroes.juntadeandalucia.es\/ceipreyescatolicosdevera\/wp-json\/wp\/v2\/posts\/1315\/revisions\/1331"}],"wp:attachment":[{"href":"https:\/\/blogsaverroes.juntadeandalucia.es\/ceipreyescatolicosdevera\/wp-json\/wp\/v2\/media?parent=1315"}],"wp:term":[{"taxonomy":"category","embeddable":true,"href":"https:\/\/blogsaverroes.juntadeandalucia.es\/ceipreyescatolicosdevera\/wp-json\/wp\/v2\/categories?post=1315"},{"taxonomy":"post_tag","embeddable":true,"href":"https:\/\/blogsaverroes.juntadeandalucia.es\/ceipreyescatolicosdevera\/wp-json\/wp\/v2\/tags?post=1315"}],"curies":[{"name":"wp","href":"https:\/\/api.w.org\/{rel}","templated":true}]}}