{"id":1334,"date":"2021-06-29T13:44:37","date_gmt":"2021-06-29T11:44:37","guid":{"rendered":"https:\/\/blogsaverroes.juntadeandalucia.es\/ceipreyescatolicosdevera\/?p=1334"},"modified":"2021-06-29T13:44:37","modified_gmt":"2021-06-29T11:44:37","slug":"revista-literaria-ceip-reyes-catolicos","status":"publish","type":"post","link":"https:\/\/blogsaverroes.juntadeandalucia.es\/ceipreyescatolicosdevera\/2021\/06\/29\/revista-literaria-ceip-reyes-catolicos\/","title":{"rendered":"REVISTA LITERARIA CEIP REYES CAT\u00d3LICOS"},"content":{"rendered":"<p><a title=\"REVISTA LITERARIA CEIP REYES CAT\u00d3LICOS\" href=\"https:\/\/drive.google.com\/file\/d\/1ShEdeyqIEhpiqKZd35DXl4mFMgADq9IM\/view\" target=\"_blank\" rel=\"noopener noreferrer\"><img loading=\"lazy\" decoding=\"async\" class=\"size-medium wp-image-1337 aligncenter\" src=\"https:\/\/blogsaverroes.juntadeandalucia.es\/ceipreyescatolicosdevera\/files\/2021\/06\/PORTADA-REVISTA-LITERARIA-233x300.png\" alt=\"\" width=\"233\" height=\"300\" srcset=\"https:\/\/blogsaverroes.juntadeandalucia.es\/ceipreyescatolicosdevera\/files\/2021\/06\/PORTADA-REVISTA-LITERARIA-233x300.png 233w, https:\/\/blogsaverroes.juntadeandalucia.es\/ceipreyescatolicosdevera\/files\/2021\/06\/PORTADA-REVISTA-LITERARIA.png 724w\" sizes=\"(max-width: 233px) 100vw, 233px\" \/><\/a><\/p>\n<p>Nuestro alumnado de Educaci\u00f3n Infantil, Primer Ciclo y Segundo de Educaci\u00f3n Primaria, dentro de nuestro Proyecto Comunica y Bibliotecas Escolares, han desarrollado nuestra primera edici\u00f3n de la Revista Literaria del CEIP Reyes Cat\u00f3licos.<\/p>\n<p>Si pinch\u00e1is en la imagen podr\u00e9is ver los libros que nuestro alumnado ha le\u00eddo y el trabajo realizado sobre ellos: dibujos, res\u00famenes y comentarios.<\/p>\n","protected":false},"excerpt":{"rendered":"<p>Nuestro alumnado de Educaci\u00f3n Infantil, Primer Ciclo y Segundo de Educaci\u00f3n Primaria, dentro de nuestro Proyecto Comunica y Bibliotecas Escolares, han desarrollado nuestra primera edici\u00f3n de la Revista Literaria del CEIP Reyes Cat\u00f3licos. Si&#46;&#46;&#46;<\/p>\n","protected":false},"author":5965,"featured_media":0,"comment_status":"open","ping_status":"open","sticky":false,"template":"","format":"standard","meta":{"ngg_post_thumbnail":0,"footnotes":""},"categories":[1515,1196899,284,1687,3981,2001331,1990809],"tags":[],"aioseo_notices":[],"_links":{"self":[{"href":"https:\/\/blogsaverroes.juntadeandalucia.es\/ceipreyescatolicosdevera\/wp-json\/wp\/v2\/posts\/1334"}],"collection":[{"href":"https:\/\/blogsaverroes.juntadeandalucia.es\/ceipreyescatolicosdevera\/wp-json\/wp\/v2\/posts"}],"about":[{"href":"https:\/\/blogsaverroes.juntadeandalucia.es\/ceipreyescatolicosdevera\/wp-json\/wp\/v2\/types\/post"}],"author":[{"embeddable":true,"href":"https:\/\/blogsaverroes.juntadeandalucia.es\/ceipreyescatolicosdevera\/wp-json\/wp\/v2\/users\/5965"}],"replies":[{"embeddable":true,"href":"https:\/\/blogsaverroes.juntadeandalucia.es\/ceipreyescatolicosdevera\/wp-json\/wp\/v2\/comments?post=1334"}],"version-history":[{"count":6,"href":"https:\/\/blogsaverroes.juntadeandalucia.es\/ceipreyescatolicosdevera\/wp-json\/wp\/v2\/posts\/1334\/revisions"}],"predecessor-version":[{"id":1341,"href":"https:\/\/blogsaverroes.juntadeandalucia.es\/ceipreyescatolicosdevera\/wp-json\/wp\/v2\/posts\/1334\/revisions\/1341"}],"wp:attachment":[{"href":"https:\/\/blogsaverroes.juntadeandalucia.es\/ceipreyescatolicosdevera\/wp-json\/wp\/v2\/media?parent=1334"}],"wp:term":[{"taxonomy":"category","embeddable":true,"href":"https:\/\/blogsaverroes.juntadeandalucia.es\/ceipreyescatolicosdevera\/wp-json\/wp\/v2\/categories?post=1334"},{"taxonomy":"post_tag","embeddable":true,"href":"https:\/\/blogsaverroes.juntadeandalucia.es\/ceipreyescatolicosdevera\/wp-json\/wp\/v2\/tags?post=1334"}],"curies":[{"name":"wp","href":"https:\/\/api.w.org\/{rel}","templated":true}]}}