{"id":134,"date":"2019-02-14T23:46:29","date_gmt":"2019-02-14T22:46:29","guid":{"rendered":"https:\/\/blogsaverroes.juntadeandalucia.es\/ceipreyescatolicosdevera\/?p=134"},"modified":"2019-10-23T23:47:57","modified_gmt":"2019-10-23T21:47:57","slug":"134","status":"publish","type":"post","link":"https:\/\/blogsaverroes.juntadeandalucia.es\/ceipreyescatolicosdevera\/2019\/02\/14\/134\/","title":{"rendered":""},"content":{"rendered":"<p>En este post presentamos dos documentos de inter\u00e9s para el desarrollo del programa del centro: la r\u00fabrica #PRODIG y las Aplicaciones que puede tener (para el PMV, Memoria Final\u2026)<\/p>\n<p>La r\u00fabrica #PRODIG es una herramienta que se pone a disposici\u00f3n de los centros para guiar su desempe\u00f1o como Organizaciones Educativas Digitalmente Competentes, seg\u00fan los tres \u00e1mbitos en los que se ha dividido el PRODIG.<\/p>\n<p>La r\u00fabrica cuenta con treinta apartados o items (diez para el \u00e1mbito de organizaci\u00f3n de centro, ocho para Informaci\u00f3n y comunicaci\u00f3n y doce para el de ense\u00f1anza-aprendizaje), que se desglosan en varios aspectos cuyo desarrollo contribuir\u00e1 a la mejora de los centros en su concepto m\u00e1s integral.<\/p>\n<p>Este desglose detallado y contextualizado en el marco andaluz pretende servir como documento-gu\u00eda para la elaboraci\u00f3n del Proyecto M\u00ednimo Viable (PMV) que posteriormente se concretar\u00e1 cada a\u00f1o en el Plan de Actuaci\u00f3n Anual. Asimismo, permitir\u00e1 categorizar a los centros participantes en tres niveles seg\u00fan el grado de integraci\u00f3n de las tecnolog\u00edas del aprendizaje en la organizaci\u00f3n educativa, de manera que se establezcan cauces de mentorizaci\u00f3n y colaboraci\u00f3n entre ellos, acelerando y optimizando el proceso de mejora.<\/p>\n<p><a href=\"http:\/\/www.educardesdeelcorazon.es\/enrique\/prodig\/190214_rubrica_prodig.pdf\" target=\"_blank\" rel=\"noopener noreferrer\"><img decoding=\"async\" style=\"float: left;width: 650px;height: 459px\" src=\"http:\/\/www.educardesdeelcorazon.es\/enrique\/prodig\/190214_rubrica_prodig.jpg\" alt=\"\"><\/a><\/p>\n<p><a href=\"http:\/\/www.educardesdeelcorazon.es\/enrique\/prodig\/190214_aplicaciones.pdf\" target=\"_blank\" rel=\"noopener noreferrer\"><img decoding=\"async\" style=\"float: left;width: 650px;height: 920px\" src=\"http:\/\/www.educardesdeelcorazon.es\/enrique\/prodig\/190214_aplicaciones.jpg\" alt=\"\"><\/a><\/p>\n<p>&nbsp;<\/p>\n","protected":false},"excerpt":{"rendered":"<p>En este post presentamos dos documentos de inter\u00e9s para el desarrollo del programa del centro: la r\u00fabrica #PRODIG y las Aplicaciones que puede tener (para el PMV, Memoria Final\u2026) La r\u00fabrica #PRODIG es una&#46;&#46;&#46;<\/p>\n","protected":false},"author":6868,"featured_media":0,"comment_status":"open","ping_status":"open","sticky":false,"template":"","format":"standard","meta":{"ngg_post_thumbnail":0,"footnotes":""},"categories":[1990809],"tags":[],"aioseo_notices":[],"_links":{"self":[{"href":"https:\/\/blogsaverroes.juntadeandalucia.es\/ceipreyescatolicosdevera\/wp-json\/wp\/v2\/posts\/134"}],"collection":[{"href":"https:\/\/blogsaverroes.juntadeandalucia.es\/ceipreyescatolicosdevera\/wp-json\/wp\/v2\/posts"}],"about":[{"href":"https:\/\/blogsaverroes.juntadeandalucia.es\/ceipreyescatolicosdevera\/wp-json\/wp\/v2\/types\/post"}],"author":[{"embeddable":true,"href":"https:\/\/blogsaverroes.juntadeandalucia.es\/ceipreyescatolicosdevera\/wp-json\/wp\/v2\/users\/6868"}],"replies":[{"embeddable":true,"href":"https:\/\/blogsaverroes.juntadeandalucia.es\/ceipreyescatolicosdevera\/wp-json\/wp\/v2\/comments?post=134"}],"version-history":[{"count":1,"href":"https:\/\/blogsaverroes.juntadeandalucia.es\/ceipreyescatolicosdevera\/wp-json\/wp\/v2\/posts\/134\/revisions"}],"predecessor-version":[{"id":135,"href":"https:\/\/blogsaverroes.juntadeandalucia.es\/ceipreyescatolicosdevera\/wp-json\/wp\/v2\/posts\/134\/revisions\/135"}],"wp:attachment":[{"href":"https:\/\/blogsaverroes.juntadeandalucia.es\/ceipreyescatolicosdevera\/wp-json\/wp\/v2\/media?parent=134"}],"wp:term":[{"taxonomy":"category","embeddable":true,"href":"https:\/\/blogsaverroes.juntadeandalucia.es\/ceipreyescatolicosdevera\/wp-json\/wp\/v2\/categories?post=134"},{"taxonomy":"post_tag","embeddable":true,"href":"https:\/\/blogsaverroes.juntadeandalucia.es\/ceipreyescatolicosdevera\/wp-json\/wp\/v2\/tags?post=134"}],"curies":[{"name":"wp","href":"https:\/\/api.w.org\/{rel}","templated":true}]}}