{"id":1358,"date":"2021-10-13T17:58:28","date_gmt":"2021-10-13T15:58:28","guid":{"rendered":"https:\/\/blogsaverroes.juntadeandalucia.es\/ceipreyescatolicosdevera\/?p=1358"},"modified":"2021-10-13T18:11:40","modified_gmt":"2021-10-13T16:11:40","slug":"dia-europeo-de-las-lenguas-2","status":"publish","type":"post","link":"https:\/\/blogsaverroes.juntadeandalucia.es\/ceipreyescatolicosdevera\/2021\/10\/13\/dia-europeo-de-las-lenguas-2\/","title":{"rendered":"D\u00cdA EUROPEO  DE LAS LENGUAS"},"content":{"rendered":"<p>Con motivo el d\u00eda Europeo de las Lenguas nuestro alumnado ha participado&nbsp; en&nbsp; muchas actividades divertidas y entretenidas con el objetivo de&nbsp; fomentar el gusto por aprender otros idiomas y la importancia de conocerlos para poder viajar por todo el mundo y desenvolvernos con soltura.<\/p>\n<p>&nbsp;Las actividades que hemos realizado han sido bailes t\u00edpicos de otros pa\u00edses, gymkanas con banderas, cuentacuentos con el kamishibai en ingl\u00e9s, murales de banderas de diferentes partes del mundo aprendiendo saludos y palabras diversas y unas manos con banderas y palabras con las que tambi\u00e9n hemos hecho murales.<\/p>\n<p><img loading=\"lazy\" decoding=\"async\" class=\"alignleft size-medium wp-image-1360\" src=\"https:\/\/blogsaverroes.juntadeandalucia.es\/ceipreyescatolicosdevera\/files\/2021\/10\/PHOTO-2021-10-08-09-55-43-300x225.jpg\" alt=\"\" width=\"300\" height=\"225\" srcset=\"https:\/\/blogsaverroes.juntadeandalucia.es\/ceipreyescatolicosdevera\/files\/2021\/10\/PHOTO-2021-10-08-09-55-43-300x225.jpg 300w, https:\/\/blogsaverroes.juntadeandalucia.es\/ceipreyescatolicosdevera\/files\/2021\/10\/PHOTO-2021-10-08-09-55-43-1024x768.jpg 1024w, https:\/\/blogsaverroes.juntadeandalucia.es\/ceipreyescatolicosdevera\/files\/2021\/10\/PHOTO-2021-10-08-09-55-43-768x576.jpg 768w, https:\/\/blogsaverroes.juntadeandalucia.es\/ceipreyescatolicosdevera\/files\/2021\/10\/PHOTO-2021-10-08-09-55-43.jpg 1280w\" sizes=\"(max-width: 300px) 100vw, 300px\" \/> <img loading=\"lazy\" decoding=\"async\" class=\"alignleft size-medium wp-image-1361\" src=\"https:\/\/blogsaverroes.juntadeandalucia.es\/ceipreyescatolicosdevera\/files\/2021\/10\/PHOTO-2021-10-08-09-58-44-169x300.jpg\" alt=\"\" width=\"169\" height=\"300\" srcset=\"https:\/\/blogsaverroes.juntadeandalucia.es\/ceipreyescatolicosdevera\/files\/2021\/10\/PHOTO-2021-10-08-09-58-44-169x300.jpg 169w, https:\/\/blogsaverroes.juntadeandalucia.es\/ceipreyescatolicosdevera\/files\/2021\/10\/PHOTO-2021-10-08-09-58-44-576x1024.jpg 576w, https:\/\/blogsaverroes.juntadeandalucia.es\/ceipreyescatolicosdevera\/files\/2021\/10\/PHOTO-2021-10-08-09-58-44-768x1366.jpg 768w, https:\/\/blogsaverroes.juntadeandalucia.es\/ceipreyescatolicosdevera\/files\/2021\/10\/PHOTO-2021-10-08-09-58-44-864x1536.jpg 864w, https:\/\/blogsaverroes.juntadeandalucia.es\/ceipreyescatolicosdevera\/files\/2021\/10\/PHOTO-2021-10-08-09-58-44.jpg 899w\" sizes=\"(max-width: 169px) 100vw, 169px\" \/> <img loading=\"lazy\" decoding=\"async\" class=\"alignleft size-medium wp-image-1362\" src=\"https:\/\/blogsaverroes.juntadeandalucia.es\/ceipreyescatolicosdevera\/files\/2021\/10\/PHOTO-2021-10-08-09-58-44_1-300x225.jpg\" alt=\"\" width=\"300\" height=\"225\" srcset=\"https:\/\/blogsaverroes.juntadeandalucia.es\/ceipreyescatolicosdevera\/files\/2021\/10\/PHOTO-2021-10-08-09-58-44_1-300x225.jpg 300w, https:\/\/blogsaverroes.juntadeandalucia.es\/ceipreyescatolicosdevera\/files\/2021\/10\/PHOTO-2021-10-08-09-58-44_1-1024x768.jpg 1024w, https:\/\/blogsaverroes.juntadeandalucia.es\/ceipreyescatolicosdevera\/files\/2021\/10\/PHOTO-2021-10-08-09-58-44_1-768x576.jpg 768w, https:\/\/blogsaverroes.juntadeandalucia.es\/ceipreyescatolicosdevera\/files\/2021\/10\/PHOTO-2021-10-08-09-58-44_1-1536x1152.jpg 1536w, https:\/\/blogsaverroes.juntadeandalucia.es\/ceipreyescatolicosdevera\/files\/2021\/10\/PHOTO-2021-10-08-09-58-44_1.jpg 2048w\" sizes=\"(max-width: 300px) 100vw, 300px\" \/> <img loading=\"lazy\" decoding=\"async\" class=\"alignleft size-medium wp-image-1363\" src=\"https:\/\/blogsaverroes.juntadeandalucia.es\/ceipreyescatolicosdevera\/files\/2021\/10\/PHOTO-2021-10-08-09-58-45-300x225.jpg\" alt=\"\" width=\"300\" height=\"225\" srcset=\"https:\/\/blogsaverroes.juntadeandalucia.es\/ceipreyescatolicosdevera\/files\/2021\/10\/PHOTO-2021-10-08-09-58-45-300x225.jpg 300w, https:\/\/blogsaverroes.juntadeandalucia.es\/ceipreyescatolicosdevera\/files\/2021\/10\/PHOTO-2021-10-08-09-58-45-1024x768.jpg 1024w, https:\/\/blogsaverroes.juntadeandalucia.es\/ceipreyescatolicosdevera\/files\/2021\/10\/PHOTO-2021-10-08-09-58-45-768x576.jpg 768w, https:\/\/blogsaverroes.juntadeandalucia.es\/ceipreyescatolicosdevera\/files\/2021\/10\/PHOTO-2021-10-08-09-58-45-1536x1152.jpg 1536w, https:\/\/blogsaverroes.juntadeandalucia.es\/ceipreyescatolicosdevera\/files\/2021\/10\/PHOTO-2021-10-08-09-58-45.jpg 1600w\" sizes=\"(max-width: 300px) 100vw, 300px\" \/> <img loading=\"lazy\" decoding=\"async\" class=\"alignleft size-medium wp-image-1364\" src=\"https:\/\/blogsaverroes.juntadeandalucia.es\/ceipreyescatolicosdevera\/files\/2021\/10\/PHOTO-2021-10-08-09-58-45_1-300x169.jpg\" alt=\"\" width=\"300\" height=\"169\" srcset=\"https:\/\/blogsaverroes.juntadeandalucia.es\/ceipreyescatolicosdevera\/files\/2021\/10\/PHOTO-2021-10-08-09-58-45_1-300x169.jpg 300w, https:\/\/blogsaverroes.juntadeandalucia.es\/ceipreyescatolicosdevera\/files\/2021\/10\/PHOTO-2021-10-08-09-58-45_1-1024x576.jpg 1024w, https:\/\/blogsaverroes.juntadeandalucia.es\/ceipreyescatolicosdevera\/files\/2021\/10\/PHOTO-2021-10-08-09-58-45_1-768x432.jpg 768w, https:\/\/blogsaverroes.juntadeandalucia.es\/ceipreyescatolicosdevera\/files\/2021\/10\/PHOTO-2021-10-08-09-58-45_1-1536x864.jpg 1536w, https:\/\/blogsaverroes.juntadeandalucia.es\/ceipreyescatolicosdevera\/files\/2021\/10\/PHOTO-2021-10-08-09-58-45_1.jpg 2016w\" sizes=\"(max-width: 300px) 100vw, 300px\" \/> <img loading=\"lazy\" decoding=\"async\" class=\"alignleft size-medium wp-image-1365\" src=\"https:\/\/blogsaverroes.juntadeandalucia.es\/ceipreyescatolicosdevera\/files\/2021\/10\/PHOTO-2021-10-08-09-58-45_2-300x225.jpg\" alt=\"\" width=\"300\" height=\"225\" srcset=\"https:\/\/blogsaverroes.juntadeandalucia.es\/ceipreyescatolicosdevera\/files\/2021\/10\/PHOTO-2021-10-08-09-58-45_2-300x225.jpg 300w, https:\/\/blogsaverroes.juntadeandalucia.es\/ceipreyescatolicosdevera\/files\/2021\/10\/PHOTO-2021-10-08-09-58-45_2-1024x768.jpg 1024w, https:\/\/blogsaverroes.juntadeandalucia.es\/ceipreyescatolicosdevera\/files\/2021\/10\/PHOTO-2021-10-08-09-58-45_2-768x576.jpg 768w, https:\/\/blogsaverroes.juntadeandalucia.es\/ceipreyescatolicosdevera\/files\/2021\/10\/PHOTO-2021-10-08-09-58-45_2-1536x1152.jpg 1536w, https:\/\/blogsaverroes.juntadeandalucia.es\/ceipreyescatolicosdevera\/files\/2021\/10\/PHOTO-2021-10-08-09-58-45_2.jpg 1600w\" sizes=\"(max-width: 300px) 100vw, 300px\" \/><\/p>\n","protected":false},"excerpt":{"rendered":"<p>Con motivo el d\u00eda Europeo de las Lenguas nuestro alumnado ha participado&nbsp; en&nbsp; muchas actividades divertidas y entretenidas con el objetivo de&nbsp; fomentar el gusto por aprender otros idiomas y la importancia de conocerlos&#46;&#46;&#46;<\/p>\n","protected":false},"author":7252,"featured_media":0,"comment_status":"open","ping_status":"open","sticky":false,"template":"","format":"standard","meta":{"ngg_post_thumbnail":0,"footnotes":""},"categories":[140,1196899,3981],"tags":[],"aioseo_notices":[],"_links":{"self":[{"href":"https:\/\/blogsaverroes.juntadeandalucia.es\/ceipreyescatolicosdevera\/wp-json\/wp\/v2\/posts\/1358"}],"collection":[{"href":"https:\/\/blogsaverroes.juntadeandalucia.es\/ceipreyescatolicosdevera\/wp-json\/wp\/v2\/posts"}],"about":[{"href":"https:\/\/blogsaverroes.juntadeandalucia.es\/ceipreyescatolicosdevera\/wp-json\/wp\/v2\/types\/post"}],"author":[{"embeddable":true,"href":"https:\/\/blogsaverroes.juntadeandalucia.es\/ceipreyescatolicosdevera\/wp-json\/wp\/v2\/users\/7252"}],"replies":[{"embeddable":true,"href":"https:\/\/blogsaverroes.juntadeandalucia.es\/ceipreyescatolicosdevera\/wp-json\/wp\/v2\/comments?post=1358"}],"version-history":[{"count":2,"href":"https:\/\/blogsaverroes.juntadeandalucia.es\/ceipreyescatolicosdevera\/wp-json\/wp\/v2\/posts\/1358\/revisions"}],"predecessor-version":[{"id":1366,"href":"https:\/\/blogsaverroes.juntadeandalucia.es\/ceipreyescatolicosdevera\/wp-json\/wp\/v2\/posts\/1358\/revisions\/1366"}],"wp:attachment":[{"href":"https:\/\/blogsaverroes.juntadeandalucia.es\/ceipreyescatolicosdevera\/wp-json\/wp\/v2\/media?parent=1358"}],"wp:term":[{"taxonomy":"category","embeddable":true,"href":"https:\/\/blogsaverroes.juntadeandalucia.es\/ceipreyescatolicosdevera\/wp-json\/wp\/v2\/categories?post=1358"},{"taxonomy":"post_tag","embeddable":true,"href":"https:\/\/blogsaverroes.juntadeandalucia.es\/ceipreyescatolicosdevera\/wp-json\/wp\/v2\/tags?post=1358"}],"curies":[{"name":"wp","href":"https:\/\/api.w.org\/{rel}","templated":true}]}}