{"id":18,"date":"2019-09-03T00:37:42","date_gmt":"2019-09-02T22:37:42","guid":{"rendered":"https:\/\/blogsaverroes.juntadeandalucia.es\/ceipreyescatolicosdevera\/?p=18"},"modified":"2019-10-23T23:57:38","modified_gmt":"2019-10-23T21:57:38","slug":"catalogo-de-programas-para-la-innovacion-educativa-2019-2020","status":"publish","type":"post","link":"https:\/\/blogsaverroes.juntadeandalucia.es\/ceipreyescatolicosdevera\/2019\/09\/03\/catalogo-de-programas-para-la-innovacion-educativa-2019-2020\/","title":{"rendered":"Cat\u00e1logo de Programas para la Innovaci\u00f3n Educativa 2019-2020"},"content":{"rendered":"<p><a href=\"http:\/\/www.juntadeandalucia.es\/educacion\/portals\/ishare-servlet\/content\/0812e19a-259a-4715-afb5-34d159532385\"><img loading=\"lazy\" decoding=\"async\" class=\" alignleft\" src=\"http:\/\/reyescatolicos.educardesdeelcorazon.es\/sites\/default\/files\/imagenes\/admin\/PROGRAMAS.JPG\" width=\"250\" height=\"250\"><\/a><span style=\"font-family: arial, helvetica, sans-serif;font-size: 12pt\">El sistema educativo est\u00e1 en permanente cambio, adapt\u00e1ndose a las necesidades, cada vez m\u00e1s complejas, de la sociedad. Tanto en el contexto internacional como en el nacional y en el auton\u00f3mico existe un continuo debate sobre las exigencias del sistema educativo y su adaptaci\u00f3n a las nuevas realidades sociales.<\/span><\/p>\n<p><span style=\"font-family: arial, helvetica, sans-serif;font-size: 12pt\">Es urgente reflexionar sobre la educaci\u00f3n del futuro: qu\u00e9 grandes valores deber\u00edan constituir el marco de referencia para esa educaci\u00f3n; qu\u00e9 estrategias educativas resultar\u00edan m\u00e1s adecuadas; qu\u00e9 tipo de conexi\u00f3n deber\u00eda haber entre los contextos educativos y los contextos sociales para garantizar que lo aprendido llegue a servir para la vida.<\/span><\/p>\n<p><span style=\"font-family: arial, helvetica, sans-serif;font-size: 12pt\">Queremos, pues, orientar el desarrollo de los Programas para la Innovaci\u00f3n Educativa desde una perspectiva integradora, sustentada en unas profundas bases \u00e9ticas, que despierten y potencien en el individuo el sentido de la responsabilidad y de la solidaridad con la humanidad.&nbsp;<\/span><\/p>\n<p><span style=\"font-family: arial, helvetica, sans-serif;font-size: 12pt\">Se trata, en definitiva, de desarrollar un proceso educativo, continuo y constante, que impregne la vida del centro y que en cada momento responda mejor a sus expectativas y necesidades.<\/span><\/p>\n<p><span style=\"font-family: arial, helvetica, sans-serif;font-size: 12pt\">Queremos construir entre todos y todas un programa abierto, sin compartimentos estancos, flexible, coordinado, interactivo, con una continua retroalimentaci\u00f3n entre los diferentes sectores, en el que la formaci\u00f3n del profesorado sea uno de sus pilares, as\u00ed como la evaluaci\u00f3n del mismo, con una oferta suficientemente abierta como para que posibilite un gradiente de participaci\u00f3n.<\/span><\/p>\n<p><span style=\"font-family: arial, helvetica, sans-serif;font-size: 12pt\">Y para recorrer el camino hay que ir juntos, coordinados los distintos sectores de una comunidad educativa. Crear espacios en los que los docentes puedan realizar aportaciones en funci\u00f3n de las reflexiones realizadas en sus pr\u00e1cticas educativas y para ello se hace necesario el liderazgo de un equipo directivo que habilite v\u00edas de di\u00e1logo entre los integrantes de la comunidad y que sepa alcanzar compromisos en el proceso de cambio.<\/span><\/p>\n<p><span style=\"font-family: arial, helvetica, sans-serif;font-size: 12pt\">De esta forma esperamos contribuir a mejorar la calidad de la educaci\u00f3n, sinti\u00e9ndonos part\u00edcipes y responsables de la necesidad e importancia de llegar a configurar en cada centro un Plan de Actuaci\u00f3n Integral e Integrado en el Proyecto Educativo de Centro.<\/span><\/p>\n<p>&nbsp;&nbsp;&nbsp;&nbsp;&nbsp;&nbsp;&nbsp;&nbsp;&nbsp;&nbsp;&nbsp;&nbsp;&nbsp;&nbsp;&nbsp;&nbsp;&nbsp;&nbsp;&nbsp;&nbsp;&nbsp;&nbsp;&nbsp;&nbsp;&nbsp;&nbsp;&nbsp;&nbsp; <a class=\"icopdf\" title=\"Cat\u00e1logo de Programas para la Innovaci\u00f3n Educativa 2019-2020.pdf)\" href=\"http:\/\/www.juntadeandalucia.es\/educacion\/portals\/ishare-servlet\/content\/0812e19a-259a-4715-afb5-34d159532385\" target=\"_blank\" rel=\"noopener noreferrer\" data-cke-saved-href=\"http:\/\/www.juntadeandalucia.es\/educacion\/portals\/ishare-servlet\/content\/0812e19a-259a-4715-afb5-34d159532385\">Cat\u00e1logo de Programas para la Innovaci\u00f3n Educativa 2019-2020.pdf<\/a><\/p>\n","protected":false},"excerpt":{"rendered":"<p>El sistema educativo est\u00e1 en permanente cambio, adapt\u00e1ndose a las necesidades, cada vez m\u00e1s complejas, de la sociedad. Tanto en el contexto internacional como en el nacional y en el auton\u00f3mico existe un continuo&#46;&#46;&#46;<\/p>\n","protected":false},"author":6868,"featured_media":0,"comment_status":"open","ping_status":"open","sticky":false,"template":"","format":"standard","meta":{"ngg_post_thumbnail":0,"footnotes":""},"categories":[307504,1989827,28258,1191723,1515,140,786967,1196899,223317,21040,3981,652426,1990570,9473,1612399,20003,8048,1990809,160,1990197,825703],"tags":[],"aioseo_notices":[],"_links":{"self":[{"href":"https:\/\/blogsaverroes.juntadeandalucia.es\/ceipreyescatolicosdevera\/wp-json\/wp\/v2\/posts\/18"}],"collection":[{"href":"https:\/\/blogsaverroes.juntadeandalucia.es\/ceipreyescatolicosdevera\/wp-json\/wp\/v2\/posts"}],"about":[{"href":"https:\/\/blogsaverroes.juntadeandalucia.es\/ceipreyescatolicosdevera\/wp-json\/wp\/v2\/types\/post"}],"author":[{"embeddable":true,"href":"https:\/\/blogsaverroes.juntadeandalucia.es\/ceipreyescatolicosdevera\/wp-json\/wp\/v2\/users\/6868"}],"replies":[{"embeddable":true,"href":"https:\/\/blogsaverroes.juntadeandalucia.es\/ceipreyescatolicosdevera\/wp-json\/wp\/v2\/comments?post=18"}],"version-history":[{"count":4,"href":"https:\/\/blogsaverroes.juntadeandalucia.es\/ceipreyescatolicosdevera\/wp-json\/wp\/v2\/posts\/18\/revisions"}],"predecessor-version":[{"id":22,"href":"https:\/\/blogsaverroes.juntadeandalucia.es\/ceipreyescatolicosdevera\/wp-json\/wp\/v2\/posts\/18\/revisions\/22"}],"wp:attachment":[{"href":"https:\/\/blogsaverroes.juntadeandalucia.es\/ceipreyescatolicosdevera\/wp-json\/wp\/v2\/media?parent=18"}],"wp:term":[{"taxonomy":"category","embeddable":true,"href":"https:\/\/blogsaverroes.juntadeandalucia.es\/ceipreyescatolicosdevera\/wp-json\/wp\/v2\/categories?post=18"},{"taxonomy":"post_tag","embeddable":true,"href":"https:\/\/blogsaverroes.juntadeandalucia.es\/ceipreyescatolicosdevera\/wp-json\/wp\/v2\/tags?post=18"}],"curies":[{"name":"wp","href":"https:\/\/api.w.org\/{rel}","templated":true}]}}