{"id":188,"date":"2019-11-12T23:32:14","date_gmt":"2019-11-12T22:32:14","guid":{"rendered":"https:\/\/blogsaverroes.juntadeandalucia.es\/ceipreyescatolicosdevera\/?p=188"},"modified":"2019-11-12T23:34:41","modified_gmt":"2019-11-12T22:34:41","slug":"proyecto-timbre-compartiendo-melodias-para-cada-dia","status":"publish","type":"post","link":"https:\/\/blogsaverroes.juntadeandalucia.es\/ceipreyescatolicosdevera\/2019\/11\/12\/proyecto-timbre-compartiendo-melodias-para-cada-dia\/","title":{"rendered":"PROYECTO TIMBRE  :COMPARTIENDO MELOD\u00cdAS PARA CADA D\u00cdA"},"content":{"rendered":"<p style=\"text-align: justify\"><img loading=\"lazy\" decoding=\"async\" class=\" wp-image-190 alignleft\" src=\"https:\/\/blogsaverroes.juntadeandalucia.es\/ceipreyescatolicosdevera\/files\/2019\/11\/Proyeto-timbre-214x300.png\" alt=\"\" width=\"302\" height=\"424\" srcset=\"https:\/\/blogsaverroes.juntadeandalucia.es\/ceipreyescatolicosdevera\/files\/2019\/11\/Proyeto-timbre-214x300.png 214w, https:\/\/blogsaverroes.juntadeandalucia.es\/ceipreyescatolicosdevera\/files\/2019\/11\/Proyeto-timbre-768x1075.png 768w, https:\/\/blogsaverroes.juntadeandalucia.es\/ceipreyescatolicosdevera\/files\/2019\/11\/Proyeto-timbre-17x24.png 17w, https:\/\/blogsaverroes.juntadeandalucia.es\/ceipreyescatolicosdevera\/files\/2019\/11\/Proyeto-timbre-26x36.png 26w, https:\/\/blogsaverroes.juntadeandalucia.es\/ceipreyescatolicosdevera\/files\/2019\/11\/Proyeto-timbre-34x48.png 34w, https:\/\/blogsaverroes.juntadeandalucia.es\/ceipreyescatolicosdevera\/files\/2019\/11\/Proyeto-timbre.png 1428w\" sizes=\"(max-width: 302px) 100vw, 302px\" \/><\/p>\n<p style=\"text-align: justify\"><span style=\"font-family: arial, helvetica, sans-serif\">Con esta iniciativa \u00a0 \u00a0se responde a una de las propuestas recogidas en el Plan de mejora \u00a0para potenciar la expresi\u00f3n\u00a0\u00a0 art\u00edstica y fomentar la cultura musical otorgando mas presencia a la m\u00fasica en los espacios de nuestro colegio. Para ello hemos decidido que\u00a0\u00a0 el sonido del timbre sean las melod\u00edas de\u00a0 piezas y canciones que nos hagan comenzar y terminar la jornada escolar con una actitud mas positiva junto a alumnado y familias .<\/span><\/p>\n<p style=\"text-align: justify\"><span style=\"font-family: arial, helvetica, sans-serif\">A trav\u00e9s de este proyecto tambi\u00e9n se pretende \u00a0trabajar objetivos relacionados con la escucha y el reconocimiento auditivo. Las piezas musicales ser\u00e1n seleccionadas entre diferentes g\u00e9neros estilos y \u00e9pocas, artistas \u00a0 y en coordinaci\u00f3n con la programaci\u00f3n de asignatura de m\u00fasica \u00a0y relacionada con las tem\u00e1ticas de diferentes asignaturas y las actividades de los planes y proyectos que se desarrollan en el centro .<\/span><\/p>\n<p style=\"text-align: justify\">\n","protected":false},"excerpt":{"rendered":"<p>Con esta iniciativa \u00a0 \u00a0se responde a una de las propuestas recogidas en el Plan de mejora \u00a0para potenciar la expresi\u00f3n\u00a0\u00a0 art\u00edstica y fomentar la cultura musical otorgando mas presencia a la m\u00fasica en&#46;&#46;&#46;<\/p>\n","protected":false},"author":7252,"featured_media":0,"comment_status":"open","ping_status":"open","sticky":false,"template":"","format":"standard","meta":{"ngg_post_thumbnail":0,"footnotes":""},"categories":[825703],"tags":[173],"aioseo_notices":[],"_links":{"self":[{"href":"https:\/\/blogsaverroes.juntadeandalucia.es\/ceipreyescatolicosdevera\/wp-json\/wp\/v2\/posts\/188"}],"collection":[{"href":"https:\/\/blogsaverroes.juntadeandalucia.es\/ceipreyescatolicosdevera\/wp-json\/wp\/v2\/posts"}],"about":[{"href":"https:\/\/blogsaverroes.juntadeandalucia.es\/ceipreyescatolicosdevera\/wp-json\/wp\/v2\/types\/post"}],"author":[{"embeddable":true,"href":"https:\/\/blogsaverroes.juntadeandalucia.es\/ceipreyescatolicosdevera\/wp-json\/wp\/v2\/users\/7252"}],"replies":[{"embeddable":true,"href":"https:\/\/blogsaverroes.juntadeandalucia.es\/ceipreyescatolicosdevera\/wp-json\/wp\/v2\/comments?post=188"}],"version-history":[{"count":11,"href":"https:\/\/blogsaverroes.juntadeandalucia.es\/ceipreyescatolicosdevera\/wp-json\/wp\/v2\/posts\/188\/revisions"}],"predecessor-version":[{"id":201,"href":"https:\/\/blogsaverroes.juntadeandalucia.es\/ceipreyescatolicosdevera\/wp-json\/wp\/v2\/posts\/188\/revisions\/201"}],"wp:attachment":[{"href":"https:\/\/blogsaverroes.juntadeandalucia.es\/ceipreyescatolicosdevera\/wp-json\/wp\/v2\/media?parent=188"}],"wp:term":[{"taxonomy":"category","embeddable":true,"href":"https:\/\/blogsaverroes.juntadeandalucia.es\/ceipreyescatolicosdevera\/wp-json\/wp\/v2\/categories?post=188"},{"taxonomy":"post_tag","embeddable":true,"href":"https:\/\/blogsaverroes.juntadeandalucia.es\/ceipreyescatolicosdevera\/wp-json\/wp\/v2\/tags?post=188"}],"curies":[{"name":"wp","href":"https:\/\/api.w.org\/{rel}","templated":true}]}}