{"id":34,"date":"2019-10-23T21:18:31","date_gmt":"2019-10-23T19:18:31","guid":{"rendered":"https:\/\/blogsaverroes.juntadeandalucia.es\/ceipreyescatolicosdevera\/?p=34"},"modified":"2019-10-23T23:00:11","modified_gmt":"2019-10-23T21:00:11","slug":"contacto","status":"publish","type":"post","link":"https:\/\/blogsaverroes.juntadeandalucia.es\/ceipreyescatolicosdevera\/2019\/10\/23\/contacto\/","title":{"rendered":"Contacto"},"content":{"rendered":"<p><span style=\"font-size: 14pt\"><b>C\u00f3digo:<\/b> 04004401<br \/>\n<\/span><span style=\"font-size: 14pt\"><b>Centro:<\/b>&nbsp;C.E.I.P.&nbsp;Reyes Cat\u00f3licos<\/span><br \/>\n<span style=\"font-size: 14pt\"><b>Domicilio:<\/b>&nbsp;Plaza de la Constituci\u00f3n, s\/n<\/span><br \/>\n<span style=\"font-size: 14pt\"><b>Localidad:<\/b>&nbsp;Vera<\/span><br \/>\n<span style=\"font-size: 14pt\"><b>Provincia:<\/b>&nbsp;Almer\u00eda<\/span><br \/>\n<span style=\"font-size: 14pt\"><b>C\u00f3digo postal:<\/b>&nbsp;04620<\/span><br \/>\n<span style=\"font-size: 14pt\"><b>Tel\u00e9fono:<\/b>&nbsp;950451472<\/span><br \/>\n<span style=\"font-size: 14pt\"><b>Fax:<\/b>&nbsp;950451574<\/span><br \/>\n<span style=\"font-size: 14pt\"><b>email:<\/b>&nbsp; 04004401.edu@juntadeandalucia.es<\/span><\/p>\n","protected":false},"excerpt":{"rendered":"<p>C\u00f3digo: 04004401 Centro:&nbsp;C.E.I.P.&nbsp;Reyes Cat\u00f3licos Domicilio:&nbsp;Plaza de la Constituci\u00f3n, s\/n Localidad:&nbsp;Vera Provincia:&nbsp;Almer\u00eda C\u00f3digo postal:&nbsp;04620 Tel\u00e9fono:&nbsp;950451472 Fax:&nbsp;950451574 email:&nbsp; 04004401.edu@juntadeandalucia.es<\/p>\n","protected":false},"author":6868,"featured_media":0,"comment_status":"open","ping_status":"open","sticky":false,"template":"","format":"standard","meta":{"ngg_post_thumbnail":0,"footnotes":""},"categories":[11909],"tags":[],"aioseo_notices":[],"_links":{"self":[{"href":"https:\/\/blogsaverroes.juntadeandalucia.es\/ceipreyescatolicosdevera\/wp-json\/wp\/v2\/posts\/34"}],"collection":[{"href":"https:\/\/blogsaverroes.juntadeandalucia.es\/ceipreyescatolicosdevera\/wp-json\/wp\/v2\/posts"}],"about":[{"href":"https:\/\/blogsaverroes.juntadeandalucia.es\/ceipreyescatolicosdevera\/wp-json\/wp\/v2\/types\/post"}],"author":[{"embeddable":true,"href":"https:\/\/blogsaverroes.juntadeandalucia.es\/ceipreyescatolicosdevera\/wp-json\/wp\/v2\/users\/6868"}],"replies":[{"embeddable":true,"href":"https:\/\/blogsaverroes.juntadeandalucia.es\/ceipreyescatolicosdevera\/wp-json\/wp\/v2\/comments?post=34"}],"version-history":[{"count":1,"href":"https:\/\/blogsaverroes.juntadeandalucia.es\/ceipreyescatolicosdevera\/wp-json\/wp\/v2\/posts\/34\/revisions"}],"predecessor-version":[{"id":35,"href":"https:\/\/blogsaverroes.juntadeandalucia.es\/ceipreyescatolicosdevera\/wp-json\/wp\/v2\/posts\/34\/revisions\/35"}],"wp:attachment":[{"href":"https:\/\/blogsaverroes.juntadeandalucia.es\/ceipreyescatolicosdevera\/wp-json\/wp\/v2\/media?parent=34"}],"wp:term":[{"taxonomy":"category","embeddable":true,"href":"https:\/\/blogsaverroes.juntadeandalucia.es\/ceipreyescatolicosdevera\/wp-json\/wp\/v2\/categories?post=34"},{"taxonomy":"post_tag","embeddable":true,"href":"https:\/\/blogsaverroes.juntadeandalucia.es\/ceipreyescatolicosdevera\/wp-json\/wp\/v2\/tags?post=34"}],"curies":[{"name":"wp","href":"https:\/\/api.w.org\/{rel}","templated":true}]}}