{"id":461,"date":"2021-06-01T11:55:54","date_gmt":"2021-06-01T09:55:54","guid":{"rendered":"https:\/\/blogsaverroes.juntadeandalucia.es\/ceipreyescatolicosdevera\/?p=461"},"modified":"2021-06-02T09:37:21","modified_gmt":"2021-06-02T07:37:21","slug":"matriculacion-curso-2020-21","status":"publish","type":"post","link":"https:\/\/blogsaverroes.juntadeandalucia.es\/ceipreyescatolicosdevera\/2021\/06\/01\/matriculacion-curso-2020-21\/","title":{"rendered":"PROCEDIMIENTO DE MATRICULACI\u00d3N CURSO 2021\/22"},"content":{"rendered":"<p style=\"text-align: center\"><span style=\"font-size: 18pt;color: #008000;font-family: helvetica, arial, sans-serif\">MATRICULACI\u00d3N EN EL CURSO 2021\/22<\/span><\/p>\n<p><span style=\"font-family: helvetica, arial, sans-serif\"><span style=\"color: #ff0000\"><span style=\"font-size: 14pt\"><strong>&#8211;<\/strong>&nbsp; <\/span><strong><span style=\"font-size: 14pt\">Del 1 al 8 de junio&nbsp;<\/span> <\/strong><\/span>. &nbsp; PARA ALUMNADO QUE &nbsp;ACTUALMENTE CURSA ESTUDIOS EN EL &nbsp;CENTRO y DE NUEVA ADMISI\u00d3N<br \/>\n<\/span><\/p>\n<p><span style=\"font-family: helvetica, arial, sans-serif\">Para evitar desplazamientos es recomendable realizar la matr\u00edcula de manera telem\u00e1tica.<\/span><\/p>\n<p style=\"text-align: justify\"><strong><span style=\"color: #008000;font-family: helvetica, arial, sans-serif;font-size: 14pt\">&nbsp;PROCESO DE MATR\u00cdCULA &nbsp;TELEM\u00c1TICA<\/span><\/strong><\/p>\n<p style=\"text-align: justify\">E<span style=\"font-family: helvetica, arial, sans-serif\">l proceso de matriculaci\u00f3n se hace a trav\u00e9s de la <strong>Secretar\u00eda virtual<\/strong>. Se accede a ella en esta direcci\u00f3n:<\/span><\/p>\n<p style=\"text-align: justify\"><span style=\"font-family: helvetica, arial, sans-serif\"><a href=\"https:\/\/www.juntadeandalucia.es\/educacion\/secretariavirtual\/\">https:\/\/www.juntadeandalucia.es\/educacion\/secretariavirtual\/<\/a><\/span><\/p>\n<p style=\"text-align: justify\"><span style=\"font-family: helvetica, arial, sans-serif\">&nbsp; &nbsp; &nbsp; &nbsp; &nbsp;P\u00e1gina de &nbsp;Portada de la Secretaria Virtual&nbsp;<\/span><\/p>\n<p><img loading=\"lazy\" decoding=\"async\" class=\"wp-image-463 size-full alignleft\" src=\"https:\/\/blogsaverroes.juntadeandalucia.es\/ceipreyescatolicosdevera\/files\/2020\/05\/secretaria.png\" alt=\"\" width=\"960\" height=\"462\" srcset=\"https:\/\/blogsaverroes.juntadeandalucia.es\/ceipreyescatolicosdevera\/files\/2020\/05\/secretaria.png 960w, https:\/\/blogsaverroes.juntadeandalucia.es\/ceipreyescatolicosdevera\/files\/2020\/05\/secretaria-300x144.png 300w, https:\/\/blogsaverroes.juntadeandalucia.es\/ceipreyescatolicosdevera\/files\/2020\/05\/secretaria-768x370.png 768w, https:\/\/blogsaverroes.juntadeandalucia.es\/ceipreyescatolicosdevera\/files\/2020\/05\/secretaria-24x12.png 24w, https:\/\/blogsaverroes.juntadeandalucia.es\/ceipreyescatolicosdevera\/files\/2020\/05\/secretaria-36x17.png 36w, https:\/\/blogsaverroes.juntadeandalucia.es\/ceipreyescatolicosdevera\/files\/2020\/05\/secretaria-48x23.png 48w\" sizes=\"(max-width: 960px) 100vw, 960px\" \/><\/p>\n<p>&nbsp;<\/p>\n<p><span style=\"font-family: helvetica, arial, sans-serif\">Para poder&nbsp;<strong>identificarnos como usuarios<\/strong>, tenemos que usar alguno de estos m\u00e9todos:<\/span><\/p>\n<ul>\n<li><span style=\"font-family: helvetica, arial, sans-serif\"><strong>Certificado digital o<\/strong><em><strong>Cl@ve<\/strong><\/em>&nbsp;(si usa uno de estos sistemas, salte al punto 2) o &nbsp;Clave&nbsp;<strong>iANDE.<\/strong><\/span><\/li>\n<\/ul>\n<p><span style=\"font-family: helvetica, arial, sans-serif\">Una vez identificados, el proceso es mucho m\u00e1s r\u00e1pido, completo y fiable que la entrega presencial. Consiste \u00fanicamente en&nbsp;<strong>rellenar la solicitud y enviarla por internet<\/strong>.<\/span><\/p>\n<p><span style=\"font-family: helvetica, arial, sans-serif\"><strong>A CONTINUACI\u00d3N DETALLAMOS LOS PASOS M\u00c1S IMPORTANTES A SEGUIR:<\/strong><\/span><\/p>\n<h2><span style=\"font-family: helvetica, arial, sans-serif;font-size: 14pt;color: #008000\">1. OBTENCI\u00d3N DE LA \u201c CLAVE IANDE\u201d<\/span><\/h2>\n<p><span style=\"font-family: helvetica, arial, sans-serif\"><strong>IANDE<\/strong>&nbsp;es una nueva contrase\u00f1a que llega <strong>por la aplicaci\u00f3n IPasen<\/strong> y permite acceder de forma muy sencilla, por lo que es la que vamos a utilizar en este ejemplo.<\/span><\/p>\n<p><span style=\"font-size: 14pt\"><strong><span style=\"font-family: helvetica, arial, sans-serif\">1.1 Descarga y acceso a iPASEN<\/span><\/strong><\/span><\/p>\n<p style=\"text-align: justify\"><span style=\"font-family: helvetica, arial, sans-serif\">Para obtener esta clave iANDE necesitamos tener instalada la app&nbsp;<strong>iPASEN<\/strong>.<\/span><span style=\"font-family: helvetica, arial, sans-serif\">Si no tiene instalada la App, puede descargarla para&nbsp;<a href=\"https:\/\/play.google.com\/store\/apps\/details?id=juntadeandalucia.ced.pasen&amp;hl=es\">Android<\/a>&nbsp;o&nbsp;<a href=\"https:\/\/apps.apple.com\/es\/app\/ipasen\/id511127024\">iPhone.<\/a> Se instala como cualquier otra aplicaci\u00f3n.&nbsp;&nbsp;&nbsp;&nbsp;&nbsp;&nbsp;&nbsp;&nbsp;&nbsp;&nbsp;&nbsp;<\/span><span style=\"font-family: helvetica, arial, sans-serif\">&nbsp; &nbsp; &nbsp; &nbsp; &nbsp; &nbsp; &nbsp; &nbsp; &nbsp; &nbsp; &nbsp; &nbsp; &nbsp; &nbsp; &nbsp; &nbsp; &nbsp;<\/span><span style=\"font-family: helvetica, arial, sans-serif\">&nbsp; &nbsp; &nbsp; &nbsp; &nbsp; &nbsp; &nbsp; &nbsp; &nbsp; &nbsp; &nbsp; &nbsp; &nbsp; &nbsp; &nbsp; &nbsp; &nbsp;<\/span><a href=\"https:\/\/play.google.com\/store\/apps\/details?id=juntadeandalucia.ced.pasen&amp;hl=es\"><img loading=\"lazy\" decoding=\"async\" class=\"alignnone wp-image-510 size-thumbnail\" title=\"https:\/\/play.google.com\/store\/apps\/details?id=juntadeandalucia.ced.pasen&amp;hl=es\" src=\"https:\/\/blogsaverroes.juntadeandalucia.es\/ceipreyescatolicosdevera\/files\/2020\/05\/google-play-150x46.png\" alt=\"https:\/\/play.google.com\/store\/apps\/details?id=juntadeandalucia.ced.pasen&amp;hl=es\" width=\"150\" height=\"46\" srcset=\"https:\/\/blogsaverroes.juntadeandalucia.es\/ceipreyescatolicosdevera\/files\/2020\/05\/google-play-150x46.png 150w, https:\/\/blogsaverroes.juntadeandalucia.es\/ceipreyescatolicosdevera\/files\/2020\/05\/google-play-24x7.png 24w, https:\/\/blogsaverroes.juntadeandalucia.es\/ceipreyescatolicosdevera\/files\/2020\/05\/google-play-36x11.png 36w, https:\/\/blogsaverroes.juntadeandalucia.es\/ceipreyescatolicosdevera\/files\/2020\/05\/google-play-48x14.png 48w, https:\/\/blogsaverroes.juntadeandalucia.es\/ceipreyescatolicosdevera\/files\/2020\/05\/google-play.png 153w\" sizes=\"(max-width: 150px) 100vw, 150px\" \/><\/a>&nbsp; &nbsp; &nbsp; &nbsp; <a href=\"https:\/\/apps.apple.com\/es\/app\/ipasen\/id511127024\"><img loading=\"lazy\" decoding=\"async\" class=\"alignnone wp-image-509 size-full\" src=\"https:\/\/blogsaverroes.juntadeandalucia.es\/ceipreyescatolicosdevera\/files\/2020\/05\/app-store.png\" alt=\"\" width=\"134\" height=\"50\" srcset=\"https:\/\/blogsaverroes.juntadeandalucia.es\/ceipreyescatolicosdevera\/files\/2020\/05\/app-store.png 134w, https:\/\/blogsaverroes.juntadeandalucia.es\/ceipreyescatolicosdevera\/files\/2020\/05\/app-store-24x9.png 24w, https:\/\/blogsaverroes.juntadeandalucia.es\/ceipreyescatolicosdevera\/files\/2020\/05\/app-store-36x13.png 36w, https:\/\/blogsaverroes.juntadeandalucia.es\/ceipreyescatolicosdevera\/files\/2020\/05\/app-store-48x18.png 48w\" sizes=\"(max-width: 134px) 100vw, 134px\" \/><\/a><\/p>\n<p style=\"text-align: justify\"><span style=\"font-family: helvetica, arial, sans-serif\">*Si nunca ha usado esta app (iPASEN) o ha olvidado la contrase\u00f1a tiene que hacer el <strong>proceso de \u201cAutologin\u201d<\/strong> (\u2018No tengo acceso\u2019). En este v\u00eddeo se muestra c\u00f3mo hacerlo:<\/span><\/p>\n<p style=\"text-align: justify\"><span style=\"font-family: helvetica, arial, sans-serif\"><a href=\"https:\/\/youtu.be\/bjQmLlB_v14\">https:\/\/youtu.be\/bjQmLlB_v14<\/a><\/span><\/p>\n<p><a href=\"https:\/\/youtu.be\/bjQmLlB_v14\"><img loading=\"lazy\" decoding=\"async\" class=\"alignleft wp-image-483 size-medium\" title=\"https:\/\/youtu.be\/bjQmLlB_v14\" src=\"https:\/\/blogsaverroes.juntadeandalucia.es\/ceipreyescatolicosdevera\/files\/2020\/05\/Captura-de-pantalla-2020-05-30-a-las-12.40.39-300x170.png\" alt=\"\" width=\"300\" height=\"170\" srcset=\"https:\/\/blogsaverroes.juntadeandalucia.es\/ceipreyescatolicosdevera\/files\/2020\/05\/Captura-de-pantalla-2020-05-30-a-las-12.40.39-300x170.png 300w, https:\/\/blogsaverroes.juntadeandalucia.es\/ceipreyescatolicosdevera\/files\/2020\/05\/Captura-de-pantalla-2020-05-30-a-las-12.40.39-768x436.png 768w, https:\/\/blogsaverroes.juntadeandalucia.es\/ceipreyescatolicosdevera\/files\/2020\/05\/Captura-de-pantalla-2020-05-30-a-las-12.40.39-24x14.png 24w, https:\/\/blogsaverroes.juntadeandalucia.es\/ceipreyescatolicosdevera\/files\/2020\/05\/Captura-de-pantalla-2020-05-30-a-las-12.40.39-36x20.png 36w, https:\/\/blogsaverroes.juntadeandalucia.es\/ceipreyescatolicosdevera\/files\/2020\/05\/Captura-de-pantalla-2020-05-30-a-las-12.40.39-48x27.png 48w, https:\/\/blogsaverroes.juntadeandalucia.es\/ceipreyescatolicosdevera\/files\/2020\/05\/Captura-de-pantalla-2020-05-30-a-las-12.40.39.png 968w\" sizes=\"(max-width: 300px) 100vw, 300px\" \/><\/a><\/p>\n<table>\n<tbody>\n<tr>\n<td width=\"468\"><span style=\"font-family: helvetica, arial, sans-serif\"><strong>Importante<\/strong><strong>:<\/strong><\/span><\/p>\n<ul>\n<li><span style=\"font-family: helvetica, arial, sans-serif\">Este proceso&nbsp;requiere que est\u00e9 usando el <strong>mismo n\u00famero de tel\u00e9fono que proporcion\u00f3 al colegio<\/strong>. Si no es as\u00ed, contacte con el colegio .<\/span><\/li>\n<li><span style=\"font-family: helvetica, arial, sans-serif\"><span style=\"font-size: inherit;line-height: 1.5\">&nbsp;Cuando consiga entrar,&nbsp;<\/span><strong style=\"font-size: inherit;line-height: 1.5\">cambie la contrase\u00f1a<\/strong><span style=\"font-size: inherit;line-height: 1.5\">&nbsp;por una de su elecci\u00f3n.<\/span><\/span><\/li>\n<\/ul>\n<\/td>\n<\/tr>\n<\/tbody>\n<\/table>\n<h3 style=\"text-align: justify\"><span style=\"font-family: helvetica, arial, sans-serif;color: #000000\">1.2 Consulta de la CLAVE \u201c IANDE\u201d<\/span><\/h3>\n<p style=\"text-align: justify\"><span style=\"font-family: helvetica, arial, sans-serif\">Cuando entre en iPASEN, busque su clave iANDE en&nbsp;<em>Comunicaciones &gt; Recibidos &gt; Primer mensajes (Administrador PASEN identificador Andaluz Educativo (iANDE)<\/em><\/span><\/p>\n<p style=\"text-align: justify\"><img loading=\"lazy\" decoding=\"async\" class=\"alignnone size-full wp-image-468\" src=\"https:\/\/blogsaverroes.juntadeandalucia.es\/ceipreyescatolicosdevera\/files\/2020\/05\/Captura-de-pantalla-2020-05-30-a-las-18.52.58.png\" alt=\"\" width=\"839\" height=\"548\" srcset=\"https:\/\/blogsaverroes.juntadeandalucia.es\/ceipreyescatolicosdevera\/files\/2020\/05\/Captura-de-pantalla-2020-05-30-a-las-18.52.58.png 839w, https:\/\/blogsaverroes.juntadeandalucia.es\/ceipreyescatolicosdevera\/files\/2020\/05\/Captura-de-pantalla-2020-05-30-a-las-18.52.58-300x196.png 300w, https:\/\/blogsaverroes.juntadeandalucia.es\/ceipreyescatolicosdevera\/files\/2020\/05\/Captura-de-pantalla-2020-05-30-a-las-18.52.58-768x502.png 768w, https:\/\/blogsaverroes.juntadeandalucia.es\/ceipreyescatolicosdevera\/files\/2020\/05\/Captura-de-pantalla-2020-05-30-a-las-18.52.58-24x16.png 24w, https:\/\/blogsaverroes.juntadeandalucia.es\/ceipreyescatolicosdevera\/files\/2020\/05\/Captura-de-pantalla-2020-05-30-a-las-18.52.58-36x24.png 36w, https:\/\/blogsaverroes.juntadeandalucia.es\/ceipreyescatolicosdevera\/files\/2020\/05\/Captura-de-pantalla-2020-05-30-a-las-18.52.58-48x31.png 48w\" sizes=\"(max-width: 839px) 100vw, 839px\" \/><\/p>\n<p style=\"text-align: justify\"><span style=\"font-family: helvetica, arial, sans-serif\"><strong>Forma de localizar el mensaje con la clave iANDE<\/strong><\/span><\/p>\n<p style=\"text-align: justify\"><span style=\"font-family: helvetica, arial, sans-serif\">Este mensaje es siempre el primero y no se puede borrar. Consta de la fecha de nacimiento y de un c\u00f3digo o clave, tal que as\u00ed:<\/span><\/p>\n<p style=\"text-align: justify\"><span style=\"font-family: helvetica, arial, sans-serif\"><em>Fecha de nacimiento (del alumno): 22\/03\/2016<\/em><em><br \/>\niANDE: X1234ZB<\/em><\/span><\/p>\n<p style=\"text-align: justify\"><span style=\"font-family: helvetica, arial, sans-serif\">Esos son los datos que tenemos que usar para acceder a la secretaria virtual (enlace), hacemos clic en&nbsp;<strong>Solicitudes<\/strong>&nbsp;y buscamos la que se refiera a la&nbsp;<strong>matriculaci\u00f3n<\/strong>.<\/span><\/p>\n<p style=\"text-align: justify\"><span style=\"font-family: helvetica, arial, sans-serif\"><strong>Nos aparecer\u00e1 una imagen similar esta:<\/strong><\/span><\/p>\n<p><img loading=\"lazy\" decoding=\"async\" class=\"alignnone size-full wp-image-470\" src=\"https:\/\/blogsaverroes.juntadeandalucia.es\/ceipreyescatolicosdevera\/files\/2020\/05\/acceso-Iande.png\" alt=\"\" width=\"900\" height=\"479\" srcset=\"https:\/\/blogsaverroes.juntadeandalucia.es\/ceipreyescatolicosdevera\/files\/2020\/05\/acceso-Iande.png 900w, https:\/\/blogsaverroes.juntadeandalucia.es\/ceipreyescatolicosdevera\/files\/2020\/05\/acceso-Iande-300x160.png 300w, https:\/\/blogsaverroes.juntadeandalucia.es\/ceipreyescatolicosdevera\/files\/2020\/05\/acceso-Iande-768x409.png 768w, https:\/\/blogsaverroes.juntadeandalucia.es\/ceipreyescatolicosdevera\/files\/2020\/05\/acceso-Iande-24x13.png 24w, https:\/\/blogsaverroes.juntadeandalucia.es\/ceipreyescatolicosdevera\/files\/2020\/05\/acceso-Iande-36x19.png 36w, https:\/\/blogsaverroes.juntadeandalucia.es\/ceipreyescatolicosdevera\/files\/2020\/05\/acceso-Iande-48x26.png 48w\" sizes=\"(max-width: 900px) 100vw, 900px\" \/><\/p>\n<p style=\"text-align: justify\">Hacemos clic en&nbsp;<strong><em>Acceder&nbsp;<\/em><\/strong>del apartado iANDE e introducimos los datos (fecha de nacimiento del ni\u00f1o\/a y la clave iANDE)<\/p>\n<p style=\"text-align: justify\"><span style=\"font-size: 14pt;font-family: helvetica, arial, sans-serif;color: #008000\"><strong>2. CUMPLIMENTACI\u00d3N &nbsp;ON- LINE DE LA MATR\u00cdCULA<\/strong><\/span><\/p>\n<p style=\"text-align: justify\">Una vez identificados, solo nos queda rellenar el formulario. En este v\u00eddeo&nbsp;se explica con todo detalle como cumplimentarla:<\/p>\n<p style=\"text-align: justify\"><a href=\"https:\/\/youtu.be\/7D1QzGex7SQ\">https:\/\/youtu.be\/7D1QzGex7SQ<\/a><\/p>\n<p><a href=\"https:\/\/youtu.be\/7D1QzGex7SQ\"><img loading=\"lazy\" decoding=\"async\" class=\"alignnone wp-image-472 size-full\" src=\"https:\/\/blogsaverroes.juntadeandalucia.es\/ceipreyescatolicosdevera\/files\/2020\/05\/Captura-de-pantalla-2020-05-30-a-las-12.56.39.png\" alt=\"\" width=\"985\" height=\"560\" srcset=\"https:\/\/blogsaverroes.juntadeandalucia.es\/ceipreyescatolicosdevera\/files\/2020\/05\/Captura-de-pantalla-2020-05-30-a-las-12.56.39.png 985w, https:\/\/blogsaverroes.juntadeandalucia.es\/ceipreyescatolicosdevera\/files\/2020\/05\/Captura-de-pantalla-2020-05-30-a-las-12.56.39-300x171.png 300w, https:\/\/blogsaverroes.juntadeandalucia.es\/ceipreyescatolicosdevera\/files\/2020\/05\/Captura-de-pantalla-2020-05-30-a-las-12.56.39-768x437.png 768w, https:\/\/blogsaverroes.juntadeandalucia.es\/ceipreyescatolicosdevera\/files\/2020\/05\/Captura-de-pantalla-2020-05-30-a-las-12.56.39-24x14.png 24w, https:\/\/blogsaverroes.juntadeandalucia.es\/ceipreyescatolicosdevera\/files\/2020\/05\/Captura-de-pantalla-2020-05-30-a-las-12.56.39-36x20.png 36w, https:\/\/blogsaverroes.juntadeandalucia.es\/ceipreyescatolicosdevera\/files\/2020\/05\/Captura-de-pantalla-2020-05-30-a-las-12.56.39-48x27.png 48w\" sizes=\"(max-width: 985px) 100vw, 985px\" \/><\/a><\/p>\n<p style=\"text-align: justify\"><span style=\"font-family: helvetica, arial, sans-serif\">A tener en cuenta:<\/span><\/p>\n<ul style=\"text-align: justify\">\n<li><span style=\"font-family: helvetica, arial, sans-serif\">Todos los campos con&nbsp;<span style=\"font-size: 18pt;color: #ff0000\">*<\/span> tiene que rellenarse obligatoriamente.<\/span><\/li>\n<li><span style=\"font-family: helvetica, arial, sans-serif\">El&nbsp;<strong>proceso puede guardarse&nbsp;<\/strong>para ser terminado posteriormente.<\/span><\/li>\n<li><span style=\"font-family: helvetica, arial, sans-serif\">Si quiere&nbsp;<strong>cambiar entre dar valores o religi\u00f3n<\/strong>, debe hacerlo ahora<\/span><\/li>\n<\/ul>\n<p style=\"text-align: justify\"><span style=\"font-size: 14pt;font-family: helvetica, arial, sans-serif;color: #008000\"><strong>3. MATR\u00cdCULA PRESENCIAL<\/strong><\/span><span style=\"font-family: helvetica, arial, sans-serif\">, <\/span><\/p>\n<p style=\"text-align: justify\"><span style=\"font-family: helvetica, arial, sans-serif\">Recomendamos y pedimos que se hagan los tr\u00e1mites online, Si le fuera imposible realizarlo de forma telem\u00e1tica,. puede ahorrar tiempo si prepara la siguiente documentaci\u00f3n (puede <strong>descargar los impresos<\/strong>, imprimirlos, rellenarlos manualmente y entregarlos cuando acuda al centro): <strong>Pinche para descargar<\/strong><\/span><\/p>\n<ul>\n<li style=\"text-align: justify\"><span style=\"font-family: helvetica, arial, sans-serif;font-size: 12pt\"><a href=\"https:\/\/www.juntadeandalucia.es\/educacion\/portals\/delegate\/content\/d26442b2-4b4a-433a-9c1e-e1790a29f781\/ANEXO%20IV\" target=\"_blank\" rel=\"noreferrer noopener\">Matr\u00edcula de <strong>infantil<\/strong>: Anexo IV<\/a><\/span><\/li>\n<li style=\"text-align: justify\"><span style=\"font-family: helvetica, arial, sans-serif;font-size: 12pt\"><a href=\"https:\/\/www.juntadeandalucia.es\/educacion\/portals\/delegate\/content\/55fad88e-7bb3-40e3-bbe4-198107487345\/ANEXO%20V\" target=\"_blank\" rel=\"noreferrer noopener\">Matr\u00edcula de <strong>primaria<\/strong>: Anexo V<\/a><\/span><\/li>\n<li><span style=\"font-family: helvetica, arial, sans-serif;font-size: 12pt\"><a href=\"https:\/\/www.juntadeandalucia.es\/educacion\/portals\/delegate\/content\/84909c76-f6af-4eaa-8a6a-7345b62b1645\/ANEXO%20VI\" target=\"_blank\" rel=\"noreferrer noopener\">Matr\u00edcula en <strong>educaci\u00f3n especial<\/strong>: Anexo VI<\/a><\/span><\/li>\n<li><span style=\"font-family: helvetica, arial, sans-serif;font-size: 12pt\"><a href=\"https:\/\/www.juntadeandalucia.es\/educacion\/portals\/delegate\/content\/12c1f402-4ea8-4a01-a921-5baa061cc442\/ANEXO%20-%20RELIGI%C3%93N\" target=\"_blank\" rel=\"noreferrer noopener\">Elecci\u00f3n de ense\u00f1anza religiosa o valores<\/a><\/span><\/li>\n<li><span style=\"font-size: 12pt;font-family: helvetica, arial, sans-serif\"><a href=\"https:\/\/blogsaverroes.juntadeandalucia.es\/ceipreyescatolicosdevera\/files\/2020\/05\/Autorizaci\u00f3n-im\u00e1genes-1.pdf\">Autorizaci\u00f3n de im\u00e1gen<\/a><\/span><\/li>\n<li><span style=\"font-family: helvetica, arial, sans-serif\"><a href=\"https:\/\/blogsaverroes.juntadeandalucia.es\/ceipreyescatolicosdevera\/files\/2020\/05\/Sevicios-de-comedor-aula-matinal-activiades-extraescolares.pdf\">Sevicios de comedor -aula matinal -activ. extraescolares<\/a><\/span><\/li>\n<\/ul>\n<p>&nbsp;<\/p>\n<p style=\"text-align: justify\"><span style=\"font-family: helvetica, arial, sans-serif\"><strong>&nbsp;<br \/>\n<\/strong><\/span><\/p>\n<p><span style=\"font-family: helvetica, arial, sans-serif\"><strong>NORMAS DE ACCESO AL CENTRO<\/strong><\/span><\/p>\n<p style=\"text-align: justify\"><span style=\"font-family: helvetica, arial, sans-serif\">En el caso excepcional de tener que acudir al centro,&nbsp;<strong>deber\u00e1n seguirse las siguientes pautas y atender a las indicaciones<\/strong>&nbsp; del personal del colegio:<\/span><\/p>\n<ul style=\"text-align: justify\">\n<li><span style=\"font-family: helvetica, arial, sans-serif\">El aforo de la secretar\u00eda queda limitado a una&nbsp;<strong><u>\u00fanica persona solicitante<\/u>,<\/strong> por lo que rogamos que acuda al colegio, siempre que sea posible, sin el acompa\u00f1amiento de personas ni ni\u00f1os\/as. Cualquier otra deber\u00e1 esperar fuera, en los espacios designados y guardando la distancia de seguridad.<\/span><\/li>\n<li><span style=\"font-family: helvetica, arial, sans-serif\">La&nbsp;<strong><u>distancia de seguridad&nbsp;<\/u>ser\u00e1 siempre de, al menos, 2 metros de distancia.<\/strong><\/span><\/li>\n<li><span style=\"font-family: helvetica, arial, sans-serif\"><strong><u>No est\u00e1 permitida la libre circulaci\u00f3n por las dependencias del centro<\/u><\/strong>. Las \u00fanicas zonas habilitadas estar\u00e1n delimitadas. Siga las rutas marcadas de entrada y salida marcadas para desplazarse por las instalaciones.<\/span><\/li>\n<li><span style=\"font-family: helvetica, arial, sans-serif\">Ser\u00e1 necesario acceder al centro con&nbsp;<u>mascarilla <\/u>y mantenerla durante la realizaci\u00f3n de los tr\u00e1mites. Traiga su propio bol\u00edgrafo.<\/span><\/li>\n<li><span style=\"font-family: helvetica, arial, sans-serif\">Se permanecer\u00e1 en el centro el&nbsp;<strong><u>m\u00ednimo tiempo imprescindible <\/u><\/strong>para la gesti\u00f3n de la tramitaci\u00f3n , por lo que rogamos compruebe en casa la correcta cumplimentaci\u00f3n de los impresos y de llevar toda la documentaci\u00f3n requerido<\/span><\/li>\n<\/ul>\n<p><span style=\"font-family: helvetica, arial, sans-serif\"><strong>&nbsp;<\/strong><\/span><\/p>\n<p><span style=\"font-family: helvetica, arial, sans-serif\"><strong>&nbsp;<\/strong><\/span><\/p>\n<p>&nbsp;<\/p>\n<p>&nbsp;<\/p>\n<p>&nbsp;<\/p>\n","protected":false},"excerpt":{"rendered":"<p>MATRICULACI\u00d3N EN EL CURSO 2021\/22 &#8211;&nbsp; Del 1 al 8 de junio&nbsp; . &nbsp; PARA ALUMNADO QUE &nbsp;ACTUALMENTE CURSA ESTUDIOS EN EL &nbsp;CENTRO y DE NUEVA ADMISI\u00d3N Para evitar desplazamientos es recomendable realizar la&#46;&#46;&#46;<\/p>\n","protected":false},"author":7252,"featured_media":0,"comment_status":"closed","ping_status":"open","sticky":false,"template":"","format":"standard","meta":{"ngg_post_thumbnail":0,"footnotes":""},"categories":[1686,284,1687],"tags":[2001322],"aioseo_notices":[],"_links":{"self":[{"href":"https:\/\/blogsaverroes.juntadeandalucia.es\/ceipreyescatolicosdevera\/wp-json\/wp\/v2\/posts\/461"}],"collection":[{"href":"https:\/\/blogsaverroes.juntadeandalucia.es\/ceipreyescatolicosdevera\/wp-json\/wp\/v2\/posts"}],"about":[{"href":"https:\/\/blogsaverroes.juntadeandalucia.es\/ceipreyescatolicosdevera\/wp-json\/wp\/v2\/types\/post"}],"author":[{"embeddable":true,"href":"https:\/\/blogsaverroes.juntadeandalucia.es\/ceipreyescatolicosdevera\/wp-json\/wp\/v2\/users\/7252"}],"replies":[{"embeddable":true,"href":"https:\/\/blogsaverroes.juntadeandalucia.es\/ceipreyescatolicosdevera\/wp-json\/wp\/v2\/comments?post=461"}],"version-history":[{"count":113,"href":"https:\/\/blogsaverroes.juntadeandalucia.es\/ceipreyescatolicosdevera\/wp-json\/wp\/v2\/posts\/461\/revisions"}],"predecessor-version":[{"id":1272,"href":"https:\/\/blogsaverroes.juntadeandalucia.es\/ceipreyescatolicosdevera\/wp-json\/wp\/v2\/posts\/461\/revisions\/1272"}],"wp:attachment":[{"href":"https:\/\/blogsaverroes.juntadeandalucia.es\/ceipreyescatolicosdevera\/wp-json\/wp\/v2\/media?parent=461"}],"wp:term":[{"taxonomy":"category","embeddable":true,"href":"https:\/\/blogsaverroes.juntadeandalucia.es\/ceipreyescatolicosdevera\/wp-json\/wp\/v2\/categories?post=461"},{"taxonomy":"post_tag","embeddable":true,"href":"https:\/\/blogsaverroes.juntadeandalucia.es\/ceipreyescatolicosdevera\/wp-json\/wp\/v2\/tags?post=461"}],"curies":[{"name":"wp","href":"https:\/\/api.w.org\/{rel}","templated":true}]}}