{"id":3009,"date":"2021-06-23T10:23:04","date_gmt":"2021-06-23T10:23:04","guid":{"rendered":"https:\/\/blogsaverroes.juntadeandalucia.es\/ceipriochico\/?p=3009"},"modified":"2021-06-24T07:05:29","modified_gmt":"2021-06-24T07:05:29","slug":"fin-de-curso-2020-2021","status":"publish","type":"post","link":"https:\/\/blogsaverroes.juntadeandalucia.es\/ceipriochico\/fin-de-curso-2020-2021\/","title":{"rendered":"Fin de curso 2020-2021"},"content":{"rendered":"<h2 style=\"text-align: center\"><span style=\"color: #ff6600\"><strong>&nbsp;LLEGA EL VERANO&#8230;<\/strong><\/span><\/h2>\n<p><a href=\"https:\/\/blogsaverroes.juntadeandalucia.es\/ceipriochico\/files\/2021\/06\/veranonaif.jpg\"><img loading=\"lazy\" decoding=\"async\" class=\"aligncenter wp-image-3014\" src=\"https:\/\/blogsaverroes.juntadeandalucia.es\/ceipriochico\/files\/2021\/06\/veranonaif.jpg\" alt=\"\" width=\"672\" height=\"460\" srcset=\"https:\/\/blogsaverroes.juntadeandalucia.es\/ceipriochico\/files\/2021\/06\/veranonaif.jpg 1600w, https:\/\/blogsaverroes.juntadeandalucia.es\/ceipriochico\/files\/2021\/06\/veranonaif-300x205.jpg 300w, https:\/\/blogsaverroes.juntadeandalucia.es\/ceipriochico\/files\/2021\/06\/veranonaif-1024x701.jpg 1024w, https:\/\/blogsaverroes.juntadeandalucia.es\/ceipriochico\/files\/2021\/06\/veranonaif-768x526.jpg 768w, https:\/\/blogsaverroes.juntadeandalucia.es\/ceipriochico\/files\/2021\/06\/veranonaif-1536x1051.jpg 1536w\" sizes=\"(max-width: 672px) 100vw, 672px\" \/><\/a><\/p>\n<p style=\"text-align: center\"><strong><span style=\"color: #ff6600\">Y<\/span><span style=\"color: #ff6600\"> termina un curso muy particular en el que todas las personas que formamos la comunidad educativa de nuestro centro hemos dado lo mejor de nosotras mismas para seguir adelante a pesar de las circunstancias.&nbsp;<\/span><\/strong><\/p>\n<p style=\"text-align: center\"><strong><span style=\"color: #ff6600\">Enhorabuena a los ni\u00f1os y ni\u00f1as que hab\u00e9is sabido disfrutar, re\u00edr y aprender cada d\u00eda y en cada momento. Gracias por pon\u00e9rnoslo tan f\u00e1cil. Gracias por todo lo que nos hab\u00e9is dado y por todas las sonrisas y abrazos a distancia que nos hab\u00e9is regalado&#8230;<\/span><\/strong><\/p>\n<p style=\"text-align: center\"><strong><span style=\"color: #ff6600\">Gracias especialmente a todas las familias que nos han ayudado a resistir y a seguir adelante. Esperamos veros el a\u00f1o que viene cara a cara, en el colegio, y no a trav\u00e9s de una pantalla.<\/span><\/strong><\/p>\n<p style=\"text-align: center\"><strong><span style=\"color: #ff6600\">Enhorabuena al alumnado de 5 a\u00f1os que el a\u00f1o que viene comenzar\u00e1 un nuevo ciclo&#8230;.<\/span><\/strong><\/p>\n<p style=\"text-align: center\"><strong><span style=\"color: #ff6600\">Enhorabuena al alumnado de 6\u00ba curso para el que se cierra un ciclo y empieza una nueva etapa llena de proyectos y nuevos aprendizajes. \u00a1Mucha suerte a tod@! <\/span><\/strong><\/p>\n<p style=\"text-align: center\"><strong><span style=\"color: #ff6600\">\u00a1\u00a1OS ECHAREMOS DE MENOS!!!<\/span><\/strong><\/p>\n<p style=\"text-align: center\"><strong><span style=\"color: #ffcc00\"><span style=\"color: #ff9900\">AQU\u00cd OS DEJAMOS UNAS IM\u00c1GENES DE VUESTRA GRADUACI\u00d3N:<\/span>&nbsp;<\/span><\/strong><\/p>\n<p>&nbsp;<\/p>\n<div style=\"width: 640px;\" class=\"wp-video\"><!--[if lt IE 9]><script>document.createElement('video');<\/script><![endif]-->\n<video class=\"wp-video-shortcode\" id=\"video-3009-1\" width=\"640\" height=\"352\" preload=\"metadata\" controls=\"controls\"><source type=\"video\/mp4\" src=\"https:\/\/blogsaverroes.juntadeandalucia.es\/ceipriochico\/files\/2021\/06\/WhatsApp-Video-2021-06-22-at-16.57.39.mp4?_=1\" \/><a href=\"https:\/\/blogsaverroes.juntadeandalucia.es\/ceipriochico\/files\/2021\/06\/WhatsApp-Video-2021-06-22-at-16.57.39.mp4\">https:\/\/blogsaverroes.juntadeandalucia.es\/ceipriochico\/files\/2021\/06\/WhatsApp-Video-2021-06-22-at-16.57.39.mp4<\/a><\/video><\/div>\n<p>&nbsp;<\/p>\n<p style=\"text-align: center\"><span style=\"color: #ff6600\"><strong>PARA DESPEDIRNOS, QUEREMOS DESEAROS UN FELIZ VERANO A TOD@S CON EL V\u00cdDEO QUE HEMOS GRABADO DE LA CANCI\u00d3N <span style=\"color: #0000ff\">\u00abTE VEO\u00bb<\/span>, EN EL MARCO DE NUESTRO PROYECTO <span style=\"color: #0000ff\">\u00abTR\u00c1TAME BONITO\u00bb<\/span><\/strong><\/span><\/p>\n<p><a href=\"https:\/\/blogsaverroes.juntadeandalucia.es\/ceipriochico\/files\/2021\/05\/WhatsApp-Image-2021-05-20-at-19.03.04.jpeg\"><img loading=\"lazy\" decoding=\"async\" class=\"aligncenter wp-image-2884\" src=\"https:\/\/blogsaverroes.juntadeandalucia.es\/ceipriochico\/files\/2021\/05\/WhatsApp-Image-2021-05-20-at-19.03.04.jpeg\" alt=\"\" width=\"250\" height=\"177\" srcset=\"https:\/\/blogsaverroes.juntadeandalucia.es\/ceipriochico\/files\/2021\/05\/WhatsApp-Image-2021-05-20-at-19.03.04.jpeg 1600w, https:\/\/blogsaverroes.juntadeandalucia.es\/ceipriochico\/files\/2021\/05\/WhatsApp-Image-2021-05-20-at-19.03.04-300x212.jpeg 300w, https:\/\/blogsaverroes.juntadeandalucia.es\/ceipriochico\/files\/2021\/05\/WhatsApp-Image-2021-05-20-at-19.03.04-1024x725.jpeg 1024w, https:\/\/blogsaverroes.juntadeandalucia.es\/ceipriochico\/files\/2021\/05\/WhatsApp-Image-2021-05-20-at-19.03.04-768x544.jpeg 768w, https:\/\/blogsaverroes.juntadeandalucia.es\/ceipriochico\/files\/2021\/05\/WhatsApp-Image-2021-05-20-at-19.03.04-1536x1088.jpeg 1536w\" sizes=\"(max-width: 250px) 100vw, 250px\" \/><\/a><\/p>\n<p style=\"text-align: center\"><span style=\"color: #ff6600\"><strong>\u00a1\u00a1\u00a1GRACIAS AL AMPA POR SU FANT\u00c1STICA PROPUESTA!!!<\/strong><strong>&nbsp;<\/strong><\/span><\/p>\n<p style=\"text-align: center\"><span style=\"color: #ff6600\"><strong>\u00a1\u00a1\u00a1Esperamos que os guste!!! <\/strong><\/span><\/p>\n<p style=\"text-align: center\"><span style=\"color: #ff6600\"><strong>\u00a1\u00a1A los ni\u00f1os y ni\u00f1as les ha encantado hacerlo!!!<\/strong><\/span><\/p>\n<h1 style=\"text-align: center\"><span style=\"color: #ff9900\"><strong> \u00a1\u00a1\u00a1BUEN VERANO!!!!<\/strong><\/span><\/h1>\n<h2 style=\"text-align: center\"><strong><span style=\"color: #0000ff\">\u00abTE VEO\u00bb<br \/>\n<a href=\"https:\/\/blogsaverroes.juntadeandalucia.es\/ceipriochico\/files\/2021\/06\/dedo.jpg\"><img loading=\"lazy\" decoding=\"async\" class=\"aligncenter wp-image-3036\" src=\"https:\/\/blogsaverroes.juntadeandalucia.es\/ceipriochico\/files\/2021\/06\/dedo.jpg\" alt=\"\" width=\"189\" height=\"99\" srcset=\"https:\/\/blogsaverroes.juntadeandalucia.es\/ceipriochico\/files\/2021\/06\/dedo.jpg 1200w, https:\/\/blogsaverroes.juntadeandalucia.es\/ceipriochico\/files\/2021\/06\/dedo-300x158.jpg 300w, https:\/\/blogsaverroes.juntadeandalucia.es\/ceipriochico\/files\/2021\/06\/dedo-1024x538.jpg 1024w, https:\/\/blogsaverroes.juntadeandalucia.es\/ceipriochico\/files\/2021\/06\/dedo-768x403.jpg 768w\" sizes=\"(max-width: 189px) 100vw, 189px\" \/><\/a><\/span><\/strong><\/h2>\n<div style=\"width: 640px;\" class=\"wp-video\"><video class=\"wp-video-shortcode\" id=\"video-3009-2\" width=\"640\" height=\"352\" preload=\"metadata\" controls=\"controls\"><source type=\"video\/mp4\" src=\"https:\/\/blogsaverroes.juntadeandalucia.es\/ceipriochico\/files\/2021\/06\/WhatsApp-Video-2021-06-20-at-17.19.46-3.mp4?_=2\" \/><a href=\"https:\/\/blogsaverroes.juntadeandalucia.es\/ceipriochico\/files\/2021\/06\/WhatsApp-Video-2021-06-20-at-17.19.46-3.mp4\">https:\/\/blogsaverroes.juntadeandalucia.es\/ceipriochico\/files\/2021\/06\/WhatsApp-Video-2021-06-20-at-17.19.46-3.mp4<\/a><\/video><\/div>\n<p>&nbsp;<\/p>\n<p>&nbsp;<\/p>\n<p>&nbsp;<\/p>\n<p>&nbsp;<\/p>\n","protected":false},"excerpt":{"rendered":"<p>&nbsp;LLEGA EL VERANO&#8230; Y termina un curso muy particular en el que todas las personas que formamos la comunidad educativa de nuestro centro hemos dado lo mejor de nosotras mismas para seguir adelante a&#46;&#46;&#46;<\/p>\n","protected":false},"author":11091,"featured_media":0,"comment_status":"open","ping_status":"open","sticky":false,"template":"","format":"image","meta":{"ngg_post_thumbnail":0,"footnotes":""},"categories":[11909],"tags":[],"aioseo_notices":[],"_links":{"self":[{"href":"https:\/\/blogsaverroes.juntadeandalucia.es\/ceipriochico\/wp-json\/wp\/v2\/posts\/3009"}],"collection":[{"href":"https:\/\/blogsaverroes.juntadeandalucia.es\/ceipriochico\/wp-json\/wp\/v2\/posts"}],"about":[{"href":"https:\/\/blogsaverroes.juntadeandalucia.es\/ceipriochico\/wp-json\/wp\/v2\/types\/post"}],"author":[{"embeddable":true,"href":"https:\/\/blogsaverroes.juntadeandalucia.es\/ceipriochico\/wp-json\/wp\/v2\/users\/11091"}],"replies":[{"embeddable":true,"href":"https:\/\/blogsaverroes.juntadeandalucia.es\/ceipriochico\/wp-json\/wp\/v2\/comments?post=3009"}],"version-history":[{"count":23,"href":"https:\/\/blogsaverroes.juntadeandalucia.es\/ceipriochico\/wp-json\/wp\/v2\/posts\/3009\/revisions"}],"predecessor-version":[{"id":3038,"href":"https:\/\/blogsaverroes.juntadeandalucia.es\/ceipriochico\/wp-json\/wp\/v2\/posts\/3009\/revisions\/3038"}],"wp:attachment":[{"href":"https:\/\/blogsaverroes.juntadeandalucia.es\/ceipriochico\/wp-json\/wp\/v2\/media?parent=3009"}],"wp:term":[{"taxonomy":"category","embeddable":true,"href":"https:\/\/blogsaverroes.juntadeandalucia.es\/ceipriochico\/wp-json\/wp\/v2\/categories?post=3009"},{"taxonomy":"post_tag","embeddable":true,"href":"https:\/\/blogsaverroes.juntadeandalucia.es\/ceipriochico\/wp-json\/wp\/v2\/tags?post=3009"}],"curies":[{"name":"wp","href":"https:\/\/api.w.org\/{rel}","templated":true}]}}