{"id":3404,"date":"2023-06-18T20:50:22","date_gmt":"2023-06-18T20:50:22","guid":{"rendered":"https:\/\/blogsaverroes.juntadeandalucia.es\/ceipriochico\/?p=3404"},"modified":"2023-06-19T13:17:01","modified_gmt":"2023-06-19T13:17:01","slug":"ultima-semana-de-curso","status":"publish","type":"post","link":"https:\/\/blogsaverroes.juntadeandalucia.es\/ceipriochico\/ultima-semana-de-curso\/","title":{"rendered":"\u00daltima semana de curso"},"content":{"rendered":"<p><a href=\"https:\/\/blogsaverroes.juntadeandalucia.es\/ceipriochico\/files\/2023\/06\/final-de-curso-1.png\"><img loading=\"lazy\" decoding=\"async\" class=\"aligncenter size-medium wp-image-3410\" src=\"https:\/\/blogsaverroes.juntadeandalucia.es\/ceipriochico\/files\/2023\/06\/final-de-curso-1-212x300.png\" alt=\"\" width=\"212\" height=\"300\" srcset=\"https:\/\/blogsaverroes.juntadeandalucia.es\/ceipriochico\/files\/2023\/06\/final-de-curso-1-212x300.png 212w, https:\/\/blogsaverroes.juntadeandalucia.es\/ceipriochico\/files\/2023\/06\/final-de-curso-1-724x1024.png 724w, https:\/\/blogsaverroes.juntadeandalucia.es\/ceipriochico\/files\/2023\/06\/final-de-curso-1-768x1086.png 768w, https:\/\/blogsaverroes.juntadeandalucia.es\/ceipriochico\/files\/2023\/06\/final-de-curso-1-1086x1536.png 1086w, https:\/\/blogsaverroes.juntadeandalucia.es\/ceipriochico\/files\/2023\/06\/final-de-curso-1.png 1131w\" sizes=\"(max-width: 212px) 100vw, 212px\" \/><\/a><\/p>\n<p>Pues s\u00ed, estamos a punto de terminar otro curso. Un curso en el que la normalidad ha sido la t\u00f3nica general, por fin.<\/p>\n<p>Este final de curso lo vamos a celebrar con una variedad de actividades en las que el alumnado ser\u00e1 el protagonista principal.<\/p>\n<p>El martes d\u00eda 20 el alumnado de primaria recibir\u00e1 una charla y participar\u00e1 en una demostraci\u00f3n de actividades deportivas a cargo de Dagaco.<\/p>\n<p>El mi\u00e9rcoles d\u00eda 21 realizaremos diversos y divertidos talleres para todo el alumnado.<\/p>\n<p>El jueves d\u00eda 22 celebraremos la graduaci\u00f3n de sexto curso y una competici\u00f3n de indiaca.<\/p>\n<p>El viernes d\u00eda 23 nos iremos de excursi\u00f3n al agua agria de Narila.<\/p>\n<p>Con estas actividades ponemos fin a un curso lleno de aprendizajes y vivencias.&nbsp;<\/p>\n","protected":false},"excerpt":{"rendered":"<p>Pues s\u00ed, estamos a punto de terminar otro curso. Un curso en el que la normalidad ha sido la t\u00f3nica general, por fin. Este final de curso lo vamos a celebrar con una variedad&#46;&#46;&#46;<\/p>\n","protected":false},"author":11091,"featured_media":0,"comment_status":"open","ping_status":"open","sticky":false,"template":"","format":"image","meta":{"ngg_post_thumbnail":0,"footnotes":""},"categories":[784,26636],"tags":[2351703,2351709,2351706,2351702,2351708,2351705,2351674,2351704,2351707],"aioseo_notices":[],"_links":{"self":[{"href":"https:\/\/blogsaverroes.juntadeandalucia.es\/ceipriochico\/wp-json\/wp\/v2\/posts\/3404"}],"collection":[{"href":"https:\/\/blogsaverroes.juntadeandalucia.es\/ceipriochico\/wp-json\/wp\/v2\/posts"}],"about":[{"href":"https:\/\/blogsaverroes.juntadeandalucia.es\/ceipriochico\/wp-json\/wp\/v2\/types\/post"}],"author":[{"embeddable":true,"href":"https:\/\/blogsaverroes.juntadeandalucia.es\/ceipriochico\/wp-json\/wp\/v2\/users\/11091"}],"replies":[{"embeddable":true,"href":"https:\/\/blogsaverroes.juntadeandalucia.es\/ceipriochico\/wp-json\/wp\/v2\/comments?post=3404"}],"version-history":[{"count":4,"href":"https:\/\/blogsaverroes.juntadeandalucia.es\/ceipriochico\/wp-json\/wp\/v2\/posts\/3404\/revisions"}],"predecessor-version":[{"id":3412,"href":"https:\/\/blogsaverroes.juntadeandalucia.es\/ceipriochico\/wp-json\/wp\/v2\/posts\/3404\/revisions\/3412"}],"wp:attachment":[{"href":"https:\/\/blogsaverroes.juntadeandalucia.es\/ceipriochico\/wp-json\/wp\/v2\/media?parent=3404"}],"wp:term":[{"taxonomy":"category","embeddable":true,"href":"https:\/\/blogsaverroes.juntadeandalucia.es\/ceipriochico\/wp-json\/wp\/v2\/categories?post=3404"},{"taxonomy":"post_tag","embeddable":true,"href":"https:\/\/blogsaverroes.juntadeandalucia.es\/ceipriochico\/wp-json\/wp\/v2\/tags?post=3404"}],"curies":[{"name":"wp","href":"https:\/\/api.w.org\/{rel}","templated":true}]}}