{"id":3434,"date":"2023-10-16T09:00:59","date_gmt":"2023-10-16T09:00:59","guid":{"rendered":"https:\/\/blogsaverroes.juntadeandalucia.es\/ceipriochico\/?p=3434"},"modified":"2024-01-07T21:53:37","modified_gmt":"2024-01-07T21:53:37","slug":"dia-de-las-escritoras","status":"publish","type":"post","link":"https:\/\/blogsaverroes.juntadeandalucia.es\/ceipriochico\/dia-de-las-escritoras\/","title":{"rendered":"D\u00eda de las Escritoras"},"content":{"rendered":"<p><a href=\"https:\/\/blogsaverroes.juntadeandalucia.es\/ceipriochico\/files\/2023\/10\/d\u00eda-escritoras-2023-1.png\"><img loading=\"lazy\" decoding=\"async\" class=\"aligncenter wp-image-3444 size-medium\" src=\"https:\/\/blogsaverroes.juntadeandalucia.es\/ceipriochico\/files\/2023\/10\/d\u00eda-escritoras-2023-1-212x300.png\" alt=\"\" width=\"212\" height=\"300\" srcset=\"https:\/\/blogsaverroes.juntadeandalucia.es\/ceipriochico\/files\/2023\/10\/d\u00eda-escritoras-2023-1-212x300.png 212w, https:\/\/blogsaverroes.juntadeandalucia.es\/ceipriochico\/files\/2023\/10\/d\u00eda-escritoras-2023-1-724x1024.png 724w, https:\/\/blogsaverroes.juntadeandalucia.es\/ceipriochico\/files\/2023\/10\/d\u00eda-escritoras-2023-1-768x1086.png 768w, https:\/\/blogsaverroes.juntadeandalucia.es\/ceipriochico\/files\/2023\/10\/d\u00eda-escritoras-2023-1-1086x1536.png 1086w, https:\/\/blogsaverroes.juntadeandalucia.es\/ceipriochico\/files\/2023\/10\/d\u00eda-escritoras-2023-1.png 1131w\" sizes=\"(max-width: 212px) 100vw, 212px\" \/><\/a><\/p>\n<p>Ya sabemos que el D\u00eda de las Escritoras lo organiza la Biblioteca Nacional de Espa\u00f1a en colaboraci\u00f3n con la Federaci\u00f3n Espa\u00f1ola de Mujeres Directivas, Ejecutivas, Profesionales y Empresarias (FEDEPE) y la Asociaci\u00f3n Cl\u00e1sicas y Modernas.<\/p>\n<p>El d\u00eda para su celebraci\u00f3n es el lunes m\u00e1s pr\u00f3ximo al d\u00eda 15 de octubre en recuerdo del fallecimiento de Teresa de Jes\u00fas.<\/p>\n<p>El lema de este a\u00f1o es \u00abEl placer, la alegr\u00eda y la risa de las mujeres\u00bb,&nbsp;<\/p>\n<p>Las actividades que hemos organizado para celebrar esta efem\u00e9ride en nuestro colegio giran en torno a un texto humor\u00edstico de Gloria Fuertes: El domador mordi\u00f3 al le\u00f3n.<\/p>\n<p><a href=\"https:\/\/blogsaverroes.juntadeandalucia.es\/ceipriochico\/files\/2022\/05\/LOGO-PACTO-DE-ESTADO.jpeg\"><img loading=\"lazy\" decoding=\"async\" class=\"aligncenter size-medium wp-image-3234\" src=\"https:\/\/blogsaverroes.juntadeandalucia.es\/ceipriochico\/files\/2022\/05\/LOGO-PACTO-DE-ESTADO-300x162.jpeg\" alt=\"\" width=\"300\" height=\"162\" srcset=\"https:\/\/blogsaverroes.juntadeandalucia.es\/ceipriochico\/files\/2022\/05\/LOGO-PACTO-DE-ESTADO-300x162.jpeg 300w, https:\/\/blogsaverroes.juntadeandalucia.es\/ceipriochico\/files\/2022\/05\/LOGO-PACTO-DE-ESTADO.jpeg 633w\" sizes=\"(max-width: 300px) 100vw, 300px\" \/><\/a><\/p>\n<p>&nbsp;<\/p>\n<p>&nbsp;<\/p>\n","protected":false},"excerpt":{"rendered":"<p>Ya sabemos que el D\u00eda de las Escritoras lo organiza la Biblioteca Nacional de Espa\u00f1a en colaboraci\u00f3n con la Federaci\u00f3n Espa\u00f1ola de Mujeres Directivas, Ejecutivas, Profesionales y Empresarias (FEDEPE) y la Asociaci\u00f3n Cl\u00e1sicas y&#46;&#46;&#46;<\/p>\n","protected":false},"author":11091,"featured_media":0,"comment_status":"open","ping_status":"open","sticky":false,"template":"","format":"image","meta":{"ngg_post_thumbnail":0,"footnotes":""},"categories":[784,213,26636,2351660,4956],"tags":[2351651,2351681,2351718,2351668,2351665,2351688,2351719,2351720,2351653,2351652,2351664,2351722,2351685,2351684,2351687,2351721],"aioseo_notices":[],"_links":{"self":[{"href":"https:\/\/blogsaverroes.juntadeandalucia.es\/ceipriochico\/wp-json\/wp\/v2\/posts\/3434"}],"collection":[{"href":"https:\/\/blogsaverroes.juntadeandalucia.es\/ceipriochico\/wp-json\/wp\/v2\/posts"}],"about":[{"href":"https:\/\/blogsaverroes.juntadeandalucia.es\/ceipriochico\/wp-json\/wp\/v2\/types\/post"}],"author":[{"embeddable":true,"href":"https:\/\/blogsaverroes.juntadeandalucia.es\/ceipriochico\/wp-json\/wp\/v2\/users\/11091"}],"replies":[{"embeddable":true,"href":"https:\/\/blogsaverroes.juntadeandalucia.es\/ceipriochico\/wp-json\/wp\/v2\/comments?post=3434"}],"version-history":[{"count":4,"href":"https:\/\/blogsaverroes.juntadeandalucia.es\/ceipriochico\/wp-json\/wp\/v2\/posts\/3434\/revisions"}],"predecessor-version":[{"id":3503,"href":"https:\/\/blogsaverroes.juntadeandalucia.es\/ceipriochico\/wp-json\/wp\/v2\/posts\/3434\/revisions\/3503"}],"wp:attachment":[{"href":"https:\/\/blogsaverroes.juntadeandalucia.es\/ceipriochico\/wp-json\/wp\/v2\/media?parent=3434"}],"wp:term":[{"taxonomy":"category","embeddable":true,"href":"https:\/\/blogsaverroes.juntadeandalucia.es\/ceipriochico\/wp-json\/wp\/v2\/categories?post=3434"},{"taxonomy":"post_tag","embeddable":true,"href":"https:\/\/blogsaverroes.juntadeandalucia.es\/ceipriochico\/wp-json\/wp\/v2\/tags?post=3434"}],"curies":[{"name":"wp","href":"https:\/\/api.w.org\/{rel}","templated":true}]}}