{"id":1747,"date":"2025-05-22T06:32:24","date_gmt":"2025-05-22T06:32:24","guid":{"rendered":"http:\/\/blogsaverroes.juntadeandalucia.es\/ceip\/?p=1747"},"modified":"2026-01-21T20:00:21","modified_gmt":"2026-01-21T20:00:21","slug":"hueman","status":"publish","type":"post","link":"https:\/\/blogsaverroes.juntadeandalucia.es\/ceipriopiedras\/hueman\/","title":{"rendered":"LA VUELTA AL COLE"},"content":{"rendered":"<p>&nbsp;<\/p>\n<p><iframe loading=\"lazy\" title=\"La Vuelta al cole 2018 de Unoentrecienmil\" width=\"500\" height=\"281\" src=\"https:\/\/www.youtube.com\/embed\/BxmONCv1Jqw?feature=oembed&#038;wmode=opaque\" frameborder=\"0\" allow=\"accelerometer; autoplay; clipboard-write; encrypted-media; gyroscope; picture-in-picture; web-share\" referrerpolicy=\"strict-origin-when-cross-origin\" allowfullscreen><\/iframe><\/p>\n<p>Este a\u00f1o nuestro centro participar\u00e1 en una carrera solidaria a favor de la investigaci\u00f3n de la cura de la leucemia infantil. Previsiblemente ser\u00e1 a finales de octubre. Con esta iniciativa nos sumamos a otros centros en una labor muy solidaria.<\/p>\n<p style=\"text-align: left\">Queridas familias participantes en la IV Edici\u00f3n de la Vuelta al Cole:<br \/>\nEl pr\u00f3ximo d\u00eda 25 de octubre un gran acontecimiento tendr\u00e1 lugar en el colegio<br \/>\nde vuestros hijos: una carrera para sensibilizar sobre el problema de los m\u00e1s de<br \/>\n300 nuevos casos de leucemia infantil diagnosticados al a\u00f1o, y tambi\u00e9n<br \/>\nrecaudar fondos con los que financiaremos una beca de investigaci\u00f3n que<br \/>\nayudar\u00e1 a seguir buscando la cura de la leucemia infantil.<br \/>\nEl d\u00eda de la carrera, el colegio entregar\u00e1 a cada participante un dorsal solidario<br \/>\nsin numerar. Se trata de una carrera cooperativa y no competitiva: ganan los<br \/>\nni\u00f1os afectados de leucemia porque tienen un motivo m\u00e1s para la esperanza.<br \/>\nTambi\u00e9n entregar\u00e1n un diploma que premia su esfuerzo y les recuerda que<br \/>\nforman parte de un movimiento precioso.<br \/>\nAgradecemos que ese d\u00eda pod\u00e1is hacer una aportaci\u00f3n de 1\u20ac por cada<br \/>\nparticipante (aunque pod\u00e9is contribuir con la cantidad que quer\u00e1is). El colegio<br \/>\nse encargar\u00e1 de hacernos llegar todas las ayudas de las familias.<br \/>\nY es que no podemos olvidar que la leucemia es un rival demasiado fuerte<br \/>\npara un ni\u00f1o solo, pero no para cien mil.<br \/>\n\u00a1CIENMIL GRACIAS POR PARTICIPAR EN LA IV EDICI\u00d3N DE LA VUELTA AL COLE!<br \/>\n&nbsp; &nbsp; &nbsp; &nbsp; &nbsp; &nbsp; &nbsp; &nbsp; &nbsp; &nbsp; &nbsp; &nbsp; &nbsp; &nbsp; &nbsp; &nbsp; &nbsp; &nbsp; &nbsp; &nbsp; &nbsp; &nbsp; &nbsp; &nbsp; &nbsp; &nbsp; &nbsp; &nbsp; &nbsp; &nbsp; &nbsp; &nbsp; &nbsp; &nbsp; &nbsp; &nbsp; &nbsp; &nbsp; &nbsp; &nbsp; &nbsp; &nbsp; &nbsp; &nbsp; &nbsp; &nbsp; &nbsp; &nbsp; &nbsp; &nbsp; &nbsp; &nbsp; &nbsp; &nbsp; &nbsp; &nbsp; &nbsp; &nbsp; &nbsp; &nbsp; &nbsp; &nbsp; &nbsp;Jose Carnero<\/p>\n<p style=\"text-align: left\">&nbsp; &nbsp; &nbsp; &nbsp; &nbsp; &nbsp; &nbsp; &nbsp; &nbsp; &nbsp; &nbsp; &nbsp; &nbsp; &nbsp; &nbsp; &nbsp; &nbsp; &nbsp; &nbsp; &nbsp; &nbsp; &nbsp; &nbsp; &nbsp; &nbsp; &nbsp; &nbsp; &nbsp; &nbsp; &nbsp; &nbsp; &nbsp; &nbsp; &nbsp; &nbsp; &nbsp; &nbsp; &nbsp; &nbsp; &nbsp; &nbsp; &nbsp; &nbsp; &nbsp; &nbsp; &nbsp; &nbsp; &nbsp; &nbsp; &nbsp;Pesidente Fundaci\u00f3n Unoentrecienmil<\/p>\n","protected":false},"excerpt":{"rendered":"<p>&nbsp; Este a\u00f1o nuestro centro participar\u00e1 en una carrera solidaria a favor de la investigaci\u00f3n de la cura de la leucemia infantil. Previsiblemente ser\u00e1 a finales de octubre. Con esta iniciativa nos sumamos a&#46;&#46;&#46;<\/p>\n","protected":false},"author":1,"featured_media":2144,"comment_status":"closed","ping_status":"open","sticky":true,"template":"","format":"standard","meta":{"ngg_post_thumbnail":0,"footnotes":""},"categories":[307390],"tags":[],"aioseo_notices":[],"_links":{"self":[{"href":"https:\/\/blogsaverroes.juntadeandalucia.es\/ceipriopiedras\/wp-json\/wp\/v2\/posts\/1747"}],"collection":[{"href":"https:\/\/blogsaverroes.juntadeandalucia.es\/ceipriopiedras\/wp-json\/wp\/v2\/posts"}],"about":[{"href":"https:\/\/blogsaverroes.juntadeandalucia.es\/ceipriopiedras\/wp-json\/wp\/v2\/types\/post"}],"author":[{"embeddable":true,"href":"https:\/\/blogsaverroes.juntadeandalucia.es\/ceipriopiedras\/wp-json\/wp\/v2\/users\/1"}],"replies":[{"embeddable":true,"href":"https:\/\/blogsaverroes.juntadeandalucia.es\/ceipriopiedras\/wp-json\/wp\/v2\/comments?post=1747"}],"version-history":[{"count":1,"href":"https:\/\/blogsaverroes.juntadeandalucia.es\/ceipriopiedras\/wp-json\/wp\/v2\/posts\/1747\/revisions"}],"predecessor-version":[{"id":4804,"href":"https:\/\/blogsaverroes.juntadeandalucia.es\/ceipriopiedras\/wp-json\/wp\/v2\/posts\/1747\/revisions\/4804"}],"wp:featuredmedia":[{"embeddable":true,"href":"https:\/\/blogsaverroes.juntadeandalucia.es\/ceipriopiedras\/wp-json\/wp\/v2\/media\/2144"}],"wp:attachment":[{"href":"https:\/\/blogsaverroes.juntadeandalucia.es\/ceipriopiedras\/wp-json\/wp\/v2\/media?parent=1747"}],"wp:term":[{"taxonomy":"category","embeddable":true,"href":"https:\/\/blogsaverroes.juntadeandalucia.es\/ceipriopiedras\/wp-json\/wp\/v2\/categories?post=1747"},{"taxonomy":"post_tag","embeddable":true,"href":"https:\/\/blogsaverroes.juntadeandalucia.es\/ceipriopiedras\/wp-json\/wp\/v2\/tags?post=1747"}],"curies":[{"name":"wp","href":"https:\/\/api.w.org\/{rel}","templated":true}]}}