{"id":2667,"date":"2019-01-31T19:15:32","date_gmt":"2019-01-31T19:15:32","guid":{"rendered":"https:\/\/blogsaverroes.juntadeandalucia.es\/ceipriopiedras\/?p=2667"},"modified":"2019-01-31T22:32:01","modified_gmt":"2019-01-31T22:32:01","slug":"dia-de-la-paz","status":"publish","type":"post","link":"https:\/\/blogsaverroes.juntadeandalucia.es\/ceipriopiedras\/dia-de-la-paz\/","title":{"rendered":"30 DE ENERO D\u00cdA DE LA PAZ"},"content":{"rendered":"<div style=\"width: 424px;\" class=\"wp-video\"><!--[if lt IE 9]><script>document.createElement('video');<\/script><![endif]-->\n<video class=\"wp-video-shortcode\" id=\"video-2667-1\" width=\"424\" height=\"240\" preload=\"metadata\" controls=\"controls\"><source type=\"video\/mp4\" src=\"https:\/\/blogsaverroes.juntadeandalucia.es\/ceipriopiedras\/files\/2019\/01\/orca_share_media1548929987692.mp4?_=1\" \/><a href=\"https:\/\/blogsaverroes.juntadeandalucia.es\/ceipriopiedras\/files\/2019\/01\/orca_share_media1548929987692.mp4\">https:\/\/blogsaverroes.juntadeandalucia.es\/ceipriopiedras\/files\/2019\/01\/orca_share_media1548929987692.mp4<\/a><\/video><\/div>\n<p>Nuestro colegio ha celebrado el d\u00eda de la no violencia con un mosaico de im\u00e1genes de dos corazones y una paloma formados por todo el alumnado, mientras se interpretaba la canci\u00f3n de Antonio Flores NO DUDARIA.&nbsp;<\/p>\n<p>Aqu\u00ed os dejamos este bello tema para que reflexiones un poquito \ud83d\ude18\ud83d\ude18<\/p>\n<p><iframe loading=\"lazy\" title=\"Rosario - No Dudar\u00eda (Video Oficial)\" width=\"500\" height=\"375\" src=\"https:\/\/www.youtube.com\/embed\/svvNRwAS8fY?feature=oembed&#038;wmode=opaque\" frameborder=\"0\" allow=\"accelerometer; autoplay; clipboard-write; encrypted-media; gyroscope; picture-in-picture; web-share\" referrerpolicy=\"strict-origin-when-cross-origin\" allowfullscreen><\/iframe><\/p>\n","protected":false},"excerpt":{"rendered":"<p>Nuestro colegio ha celebrado el d\u00eda de la no violencia con un mosaico de im\u00e1genes de dos corazones y una paloma formados por todo el alumnado, mientras se interpretaba la canci\u00f3n de Antonio Flores&#46;&#46;&#46;<\/p>\n","protected":false},"author":6438,"featured_media":2670,"comment_status":"open","ping_status":"open","sticky":false,"template":"","format":"standard","meta":{"ngg_post_thumbnail":0,"footnotes":""},"categories":[11909],"tags":[],"aioseo_notices":[],"_links":{"self":[{"href":"https:\/\/blogsaverroes.juntadeandalucia.es\/ceipriopiedras\/wp-json\/wp\/v2\/posts\/2667"}],"collection":[{"href":"https:\/\/blogsaverroes.juntadeandalucia.es\/ceipriopiedras\/wp-json\/wp\/v2\/posts"}],"about":[{"href":"https:\/\/blogsaverroes.juntadeandalucia.es\/ceipriopiedras\/wp-json\/wp\/v2\/types\/post"}],"author":[{"embeddable":true,"href":"https:\/\/blogsaverroes.juntadeandalucia.es\/ceipriopiedras\/wp-json\/wp\/v2\/users\/6438"}],"replies":[{"embeddable":true,"href":"https:\/\/blogsaverroes.juntadeandalucia.es\/ceipriopiedras\/wp-json\/wp\/v2\/comments?post=2667"}],"version-history":[{"count":0,"href":"https:\/\/blogsaverroes.juntadeandalucia.es\/ceipriopiedras\/wp-json\/wp\/v2\/posts\/2667\/revisions"}],"wp:featuredmedia":[{"embeddable":true,"href":"https:\/\/blogsaverroes.juntadeandalucia.es\/ceipriopiedras\/wp-json\/wp\/v2\/media\/2670"}],"wp:attachment":[{"href":"https:\/\/blogsaverroes.juntadeandalucia.es\/ceipriopiedras\/wp-json\/wp\/v2\/media?parent=2667"}],"wp:term":[{"taxonomy":"category","embeddable":true,"href":"https:\/\/blogsaverroes.juntadeandalucia.es\/ceipriopiedras\/wp-json\/wp\/v2\/categories?post=2667"},{"taxonomy":"post_tag","embeddable":true,"href":"https:\/\/blogsaverroes.juntadeandalucia.es\/ceipriopiedras\/wp-json\/wp\/v2\/tags?post=2667"}],"curies":[{"name":"wp","href":"https:\/\/api.w.org\/{rel}","templated":true}]}}