{"id":4651,"date":"2024-12-12T10:42:42","date_gmt":"2024-12-12T10:42:42","guid":{"rendered":"https:\/\/blogsaverroes.juntadeandalucia.es\/ceipriopiedras\/?p=4651"},"modified":"2024-12-12T10:44:21","modified_gmt":"2024-12-12T10:44:21","slug":"4651-2","status":"publish","type":"post","link":"https:\/\/blogsaverroes.juntadeandalucia.es\/ceipriopiedras\/4651-2\/","title":{"rendered":"DESDE EL AMOR RENACEN LAS AULAS"},"content":{"rendered":"<p><a href=\"https:\/\/blogsaverroes.juntadeandalucia.es\/ceipriopiedras\/files\/2024\/12\/Carteles-Cajas-1.png\"><img loading=\"lazy\" decoding=\"async\" class=\"aligncenter size-medium wp-image-4653\" src=\"https:\/\/blogsaverroes.juntadeandalucia.es\/ceipriopiedras\/files\/2024\/12\/Carteles-Cajas-1.png\" alt=\"\" width=\"300\" height=\"170\"><\/a><\/p>\n<p>Nos llena de alegr\u00eda compartir que nuestra reciente participaci\u00f3n en la iniciativa solidaria <strong>\u00abDESDE EL AMOR RENACEN LAS AULAS\u00bb<\/strong> ha sido un gran \u00e9xito. Gracias a la generosidad de las familias del CEIP R\u00edo Piedras, hemos logrado recolectar una cantidad significativa de material escolar para los damnificados de Aldaia, en Valencia.<\/p>\n<h4>Un Agradecimiento de Coraz\u00f3n<\/h4>\n<p>Queremos expresar nuestro m\u00e1s sincero agradecimiento a todas las familias del CEIP R\u00edo Piedras que contribuyeron a esta noble causa. Gracias a su solidaridad, hemos podido reunir:<\/p>\n<ul>\n<li>Cuadernos y libretas<\/li>\n<li>L\u00e1pices, bol\u00edgrafos y colores<\/li>\n<li>Mochilas y estuches<\/li>\n<li>Libros de texto y de lectura<\/li>\n<li>Juegos manipulativos.<\/li>\n<li>Material did\u00e1ctico y educativo<\/li>\n<\/ul>\n<ul>\n<li>&nbsp;Y gran cantidad de recursos<\/li>\n<\/ul>\n<p style=\"text-align: center\"><a href=\"https:\/\/blogsaverroes.juntadeandalucia.es\/ceipriopiedras\/files\/2024\/12\/WhatsApp-Image-2024-12-12-at-11.31.13.jpeg\"><img loading=\"lazy\" decoding=\"async\" class=\"aligncenter wp-image-4652\" src=\"https:\/\/blogsaverroes.juntadeandalucia.es\/ceipriopiedras\/files\/2024\/12\/WhatsApp-Image-2024-12-12-at-11.31.13-300x174.jpeg\" alt=\"\" width=\"358\" height=\"213\"><\/a><\/p>\n<h4>Un Gesto de Amor y Esperanza<\/h4>\n<p>Este acto de generosidad no solo proporciona los recursos necesarios para la educaci\u00f3n de los ni\u00f1os y ni\u00f1as en Aldaia, sino que tambi\u00e9n env\u00eda un poderoso mensaje de esperanza y comunidad. <strong>Desde el amor, hemos demostrado que juntos podemos superar cualquier adversidad y construir un futuro mejor<\/strong>.<\/p>\n<h4>Compromiso Continuo<\/h4>\n<p>Aunque la recolecci\u00f3n ha terminado, nuestro compromiso con la solidaridad y el apoyo a quienes m\u00e1s lo necesitan contin\u00faa. Seguiremos trabajando juntos para crear un entorno educativo inclusivo y lleno de oportunidades para todos.<\/p>\n<div>&nbsp;<\/div>\n<p>Gracias nuevamente a todas las familias del CEIP R\u00edo Piedras por su incre\u00edble apoyo. \u00a1Con su ayuda, hemos hecho una gran diferencia!<\/p>\n","protected":false},"excerpt":{"rendered":"<p>Nos llena de alegr\u00eda compartir que nuestra reciente participaci\u00f3n en la iniciativa solidaria \u00abDESDE EL AMOR RENACEN LAS AULAS\u00bb ha sido un gran \u00e9xito. Gracias a la generosidad de las familias del CEIP R\u00edo&#46;&#46;&#46;<\/p>\n","protected":false},"author":6438,"featured_media":4653,"comment_status":"open","ping_status":"open","sticky":false,"template":"","format":"standard","meta":{"ngg_post_thumbnail":0,"footnotes":""},"categories":[11909],"tags":[],"aioseo_notices":[],"_links":{"self":[{"href":"https:\/\/blogsaverroes.juntadeandalucia.es\/ceipriopiedras\/wp-json\/wp\/v2\/posts\/4651"}],"collection":[{"href":"https:\/\/blogsaverroes.juntadeandalucia.es\/ceipriopiedras\/wp-json\/wp\/v2\/posts"}],"about":[{"href":"https:\/\/blogsaverroes.juntadeandalucia.es\/ceipriopiedras\/wp-json\/wp\/v2\/types\/post"}],"author":[{"embeddable":true,"href":"https:\/\/blogsaverroes.juntadeandalucia.es\/ceipriopiedras\/wp-json\/wp\/v2\/users\/6438"}],"replies":[{"embeddable":true,"href":"https:\/\/blogsaverroes.juntadeandalucia.es\/ceipriopiedras\/wp-json\/wp\/v2\/comments?post=4651"}],"version-history":[{"count":3,"href":"https:\/\/blogsaverroes.juntadeandalucia.es\/ceipriopiedras\/wp-json\/wp\/v2\/posts\/4651\/revisions"}],"predecessor-version":[{"id":4656,"href":"https:\/\/blogsaverroes.juntadeandalucia.es\/ceipriopiedras\/wp-json\/wp\/v2\/posts\/4651\/revisions\/4656"}],"wp:featuredmedia":[{"embeddable":true,"href":"https:\/\/blogsaverroes.juntadeandalucia.es\/ceipriopiedras\/wp-json\/wp\/v2\/media\/4653"}],"wp:attachment":[{"href":"https:\/\/blogsaverroes.juntadeandalucia.es\/ceipriopiedras\/wp-json\/wp\/v2\/media?parent=4651"}],"wp:term":[{"taxonomy":"category","embeddable":true,"href":"https:\/\/blogsaverroes.juntadeandalucia.es\/ceipriopiedras\/wp-json\/wp\/v2\/categories?post=4651"},{"taxonomy":"post_tag","embeddable":true,"href":"https:\/\/blogsaverroes.juntadeandalucia.es\/ceipriopiedras\/wp-json\/wp\/v2\/tags?post=4651"}],"curies":[{"name":"wp","href":"https:\/\/api.w.org\/{rel}","templated":true}]}}